{"id":331,"date":"2025-11-03T19:04:45","date_gmt":"2025-11-03T18:04:45","guid":{"rendered":"https:\/\/cafeycorcheas.es\/?p=331"},"modified":"2025-11-10T21:27:45","modified_gmt":"2025-11-10T20:27:45","slug":"gracias-rosalia","status":"publish","type":"post","link":"https:\/\/cafeycorcheas.es\/?p=331","title":{"rendered":"Gracias, Rosal\u00eda"},"content":{"rendered":"<style type=\"text\/css\" id=\"b01d29c-inline-css\"><\/style> <style type=\"text\/css\" id=\"cabe0f5-inline-css\"><\/style> <style type=\"text\/css\" id=\"177d95e-inline-css\"><\/style>\n\n<img decoding=\"async\" style=\"width: 38px; height: 38px; border-radius: 50%; object-fit: cover;\" src=\"https:\/\/cafeycorcheas.es\/wp-content\/uploads\/2025\/11\/60332386_10219840490391247_3679933017209438208_n.jpg\" alt=\"Avatar\" \/>Enrique Goberna1 de noviembre, 2025\n\n<!-- \/wp:post-content --><!-- wp:paragraph -->\n\n<!-- \/wp:paragraph --><!-- wp:paragraph -->\n\nPara valorar esta joya audiovisual de tres minutos y medio habr\u00eda que hacerlo en m\u00faltiples capas: m\u00fasica, letra, simbolog\u00eda, interpretaci\u00f3n e imagen. Como no soy influencer y no tengo tantas horas de ocio para dedicarle a esta obra (pero podr\u00eda hacerlo, conste), me ce\u00f1ir\u00e9 solo \u2014o casi\u2014 a la capa musical. Va breve an\u00e1lisis.\n\n<!-- \/wp:paragraph --><!-- wp:paragraph -->\n\nLo primero: la tonalidad. No es casualidad que la obra est\u00e9 en Re menor. Es la tonalidad del dramatismo, tambi\u00e9n de la melancol\u00eda y la angustia. Es la tonalidad del R\u00e9quiem de Mozart: el tono donde el alma sufre, se eleva y, si hay suerte, se redime. Y ese es el leitmotiv de esta obra. Re menor es el color musical del luto. Es tambi\u00e9n la tonalidad de los momentos m\u00e1s oscuros de la tetralog\u00eda de Wagner, de la c\u00e9lebre Chacona de Bach o de la Novena Sinfon\u00eda \u201cCoral\u201d de Beethoven. La elecci\u00f3n del Re menor no es casual: es toda una declaraci\u00f3n de intenciones. Cuando un compositor elige el Re menor, sabe perfectamente lo que est\u00e1 haciendo. No se puede escribir en Re menor sin una cierta conciencia de qu\u00e9 terreno est\u00e1s pisando.\n\n<!-- \/wp:paragraph --><!-- wp:paragraph -->\n\nLa progresi\u00f3n arm\u00f3nica a lo largo de toda la obra es de una simpleza cautivadora, bien conocida: Rem\u2013Solm\u2013La\u2013Rem (I\u2013IV\u2013V\u2013I), que est\u00e1 en centenares de obras y, s\u00ed, tambi\u00e9n en las \u00faltimas notas que escribi\u00f3 Mozart: el Lacrimosa de su R\u00e9quiem en Re menor tiene, de forma simplificada, esa progresi\u00f3n. Podr\u00edas cantar Berghain mientras tocas en el piano esta obra si lo haces con el tempo adecuado. Esa circularidad arm\u00f3nica, que no resuelve del todo, le da a la pieza un aire de letan\u00eda, de bucle emocional: el alma dando vueltas sobre s\u00ed misma, atrapada en sus propias obsesiones.\n\n<!-- \/wp:paragraph --><!-- wp:paragraph -->\n\nFormalmente es una cantata \u2014una cantata contempor\u00e1nea\u2014, y por lo que he podido ver de la estructura del disco, podemos estar hablando de una especie de Oratorio o de Pasi\u00f3n. Aqu\u00ed, en la producci\u00f3n o en los arreglos, debe de haber alg\u00fan tipo o tipa con vastos conocimientos acad\u00e9micos, al que le debemos que esta obra, como ocurri\u00f3 con Bohemian Rhapsody, haya dado un salto de calidad que pueda convertirla en inmortal.\n\n<!-- \/wp:paragraph --><!-- wp:paragraph -->\n\nLa mayor\u00eda habla de sus conexiones con la m\u00fasica barroca, que las tiene, pero no solo con el barroco: tambi\u00e9n con el clasicismo y el romanticismo. Hay mucho de Vivaldi, pero tambi\u00e9n de Bach, Mozart, Beethoven, Wagner o Carl Orff.\n\n<!-- \/wp:paragraph --><!-- wp:paragraph -->\n\nComo todas las cantatas, est\u00e1 estructuralmente formada por una serie de partes o n\u00fameros. En esta se aprecian claramente cuatro:\n\n<!-- \/wp:paragraph --><!-- wp:paragraph -->\n\n<strong>1<\/strong>. <b>OBERTURA<\/b>: comienza con la orquesta tocando las cuerdas de una manera fren\u00e9tica (me parece imposible tocar as\u00ed; con seguridad estar\u00e1 acelerado mediante software). La conexi\u00f3n barroca con Vivaldi, y concretamente con el final del allegro del Invierno, es muy evidente. Se han dado cuenta hasta los m\u00e1s in\u00fatiles de los entend\u00edos; a Las cuatro estaciones llegan casi todos, aunque para m\u00ed tiene a\u00fan m\u00e1s conexiones con el primer movimiento del Miserere en Do menor de Zelenka.\n\n<!-- \/wp:paragraph --><!-- wp:paragraph -->\n\nSe presenta la progresi\u00f3n arm\u00f3nica de la obra: Rem\u2013Solm\u2013La\u2013Rem (I\u2013IV\u2013V\u2013I). Aqu\u00ed solo se aprecian cuerdas y el bajo continuo por los contrabajos, aunque parece que reforzado con timbales; si es as\u00ed, ser\u00eda impropio y poco barroco, la verdad, pero el resultado es el mismo.\n\n<!-- \/wp:paragraph --><!-- wp:paragraph -->\n\n<strong>2. <\/strong><b>CORAL<\/b>: en alem\u00e1n y espa\u00f1ol. Al estilo de las grandes cantatas bachianas, ahora s\u00ed, con cuerdas, maderas, metales y percusi\u00f3n. Sorprende escuchar a Rosal\u00eda como una cantante l\u00edrica, un registro que nunca imaginamos, la verdad. Su co\u00f1o ah\u00ed. Teniendo la postproducci\u00f3n que tendr\u00e1 \u2014el reverb y tal\u2014 t\u00fa sabes&#8230; es un poco regulero c\u00f3mo lo hace, pero cumple. Los que se echen las manos a la cabeza escuchando a Rosal\u00eda en ese fragmento es que no han escuchado a Damrau en su puta vida. Voz en falsete, con poca o ninguna t\u00e9cnica l\u00edrica, pero tampoco se le puede exigir m\u00e1s; se agradece que tenga la valent\u00eda de intentarlo. Si el ritardando del final del n\u00famero anterior era potente, este lo es a\u00fan m\u00e1s.\n\n<!-- \/wp:paragraph --><!-- wp:paragraph -->\n\nLa escena en la que a Rosal\u00eda, por la calle, la persigue la Sinf\u00f3nica de Londres es una puta joya visual.\n\n<!-- \/wp:paragraph --><!-- wp:paragraph -->\n\nLa orquesta, que simboliza claramente desde el principio la idea obsesiva de la protagonista \u2014esa presencia constante en su vida cotidiana, marcada por el ostinato de los violines\u2014, es una met\u00e1fora con una potencia brutal. \u00a1Qu\u00e9 maravilla, por favor!\n\n<!-- \/wp:paragraph --><!-- wp:paragraph -->\n\nM\u00e1s reconocible est\u00e1 Rosal\u00eda cantando en su idioma. Rosal\u00eda tiene, cuando canta en su registro natural, una voz preciosa y c\u00e1lida. Lo hace con otra melod\u00eda, pero con id\u00e9ntica progresi\u00f3n arm\u00f3nica, la misma que la perseguir\u00e1 toda la obra. Fant\u00e1stica en este fragmento.\n\n<!-- \/wp:paragraph --><!-- wp:paragraph -->\n\nEn un momento dado se utiliza el recurso descriptivo, tan propio en los madrigales del Renacimiento, de reproducir con la m\u00fasica lo que el texto dice: \u201cs\u00e9 desaparecer\u201d, y voil\u00e0, la m\u00fasica desaparece mientras permanece su voz descarnada. Monteverdi, t\u00fa s\u00ed que est\u00e1s infravalorado, Claudio.\n\n<!-- \/wp:paragraph --><!-- wp:paragraph -->\n\nSe remata con un final en el que vuelve el coro en alem\u00e1n, con un ritardando \u00e9pico y la presencia del timbal, que recuerda a esa sonoridad oscura de Beethoven o Wagner. Puro romanticismo en timbre y din\u00e1micas.\n\n<!-- \/wp:paragraph --><!-- wp:paragraph -->\n\n<strong>3. <\/strong><b>LAMENTO<\/b>. Lo llamo lamento porque, al menos a m\u00ed, me vienen notas y aspectos que recuerdan al Lamento de Dido, de Henry Purcell, donde Sol menor y La mayor tienen tanto protagonismo. Que est\u00e9 en ingl\u00e9s es otro elemento que me lleva al Dido y Eneas de Purcell, donde Dido decide tomar el veneno al ver que Eneas, su amor, se aleja de ella. Pero, como coment\u00e9 que este texto no iba a ir de interpretaciones ni de la simbolog\u00eda de esta obra (que para eso necesitar\u00eda a\u00fan m\u00e1s texto), lo dejar\u00e9 aqu\u00ed.\n\n<!-- \/wp:paragraph --><!-- wp:paragraph -->\n\n<strong>4. <\/strong><b>CODA FINAL<\/b>. Disruptor el final con esa voz distorsionada diciendo: \u201cte follar\u00e9 hasta que me quieras\u201d. El impacto visual es tambi\u00e9n brutal. Tremendo, con ese desgarrador glissando del viol\u00edn y esos timbales. Esta coda o cierre intuyo que ser\u00e1 la introducci\u00f3n del siguiente n\u00famero.\n\n<!-- \/wp:paragraph --><!-- wp:paragraph -->\n\nTermina el v\u00eddeo y te preguntas: \u00bfqu\u00e9 co\u00f1o ha pasado aqu\u00ed? \u00bfqu\u00e9 carajo acabo de escuchar?\n\n<!-- \/wp:paragraph --><!-- wp:paragraph -->\n\nHac\u00eda cuarenta a\u00f1os que el adelanto de una canci\u00f3n no me hac\u00eda desear impacientemente la escucha del disco completo. Esta canci\u00f3n me parece una obra de arte musical y visual.\n\n<!-- \/wp:paragraph --><!-- wp:paragraph -->\n\nEsta vez s\u00ed: gracias, Rosal\u00eda.\n\n<!-- \/wp:paragraph --><!-- wp:paragraph -->\n\n<a href=\"https:\/\/www.facebook.com\/hashtag\/rosal%C3%ADa?__eep__=6&amp;__cft__[0]=AZUidCK_qN1CW7QOp-KGVTu-_maeuKmpKGy9QSybuTureSZRlyPQsm1Fe26TIC1ApB8oTDkSjZ03GI4kKUFTaaAgd-s0P-3LxutcIvo5caCnHBmQAWb047NL3YXOELzGRil-FodQeXpH4hjW-lDb4xtnEWDyaQ-QyIcbuF3IZKKiKrXoXiy5l4_IINAru7YqZz0&amp;__tn__=*NK-R\">#Rosal\u00eda <\/a><a href=\"https:\/\/www.facebook.com\/hashtag\/graciasrosal%C3%ADa?__eep__=6&amp;__cft__[0]=AZUidCK_qN1CW7QOp-KGVTu-_maeuKmpKGy9QSybuTureSZRlyPQsm1Fe26TIC1ApB8oTDkSjZ03GI4kKUFTaaAgd-s0P-3LxutcIvo5caCnHBmQAWb047NL3YXOELzGRil-FodQeXpH4hjW-lDb4xtnEWDyaQ-QyIcbuF3IZKKiKrXoXiy5l4_IINAru7YqZz0&amp;__tn__=*NK-R\">#graciasRosal\u00eda <\/a><a href=\"https:\/\/www.facebook.com\/hashtag\/rosal%C3%ADalux?__eep__=6&amp;__cft__[0]=AZUidCK_qN1CW7QOp-KGVTu-_maeuKmpKGy9QSybuTureSZRlyPQsm1Fe26TIC1ApB8oTDkSjZ03GI4kKUFTaaAgd-s0P-3LxutcIvo5caCnHBmQAWb047NL3YXOELzGRil-FodQeXpH4hjW-lDb4xtnEWDyaQ-QyIcbuF3IZKKiKrXoXiy5l4_IINAru7YqZz0&amp;__tn__=*NK-R\">#Rosal\u00edaLUX <\/a><a href=\"https:\/\/www.facebook.com\/hashtag\/musicaclasica?__eep__=6&amp;__cft__[0]=AZUidCK_qN1CW7QOp-KGVTu-_maeuKmpKGy9QSybuTureSZRlyPQsm1Fe26TIC1ApB8oTDkSjZ03GI4kKUFTaaAgd-s0P-3LxutcIvo5caCnHBmQAWb047NL3YXOELzGRil-FodQeXpH4hjW-lDb4xtnEWDyaQ-QyIcbuF3IZKKiKrXoXiy5l4_IINAru7YqZz0&amp;__tn__=*NK-R\">#musicaclasica<\/a>\n\n<!-- \/wp:paragraph -->\n\n<!-- wp:paragraph -->\n\n<!-- \/wp:paragraph -->","protected":false},"excerpt":{"rendered":"<p>Enrique Goberna1 de noviembre, 2025 Para valorar esta joya audiovisual de tres minutos y medio habr\u00eda que hacerlo en m\u00faltiples capas: m\u00fasica, letra, simbolog\u00eda, interpretaci\u00f3n e imagen. Como no soy influencer y no tengo tantas horas de ocio para dedicarle a esta obra (pero podr\u00eda hacerlo, conste), me ce\u00f1ir\u00e9 solo \u2014o casi\u2014 a la capa [&hellip;]<\/p>\n","protected":false},"author":1,"featured_media":332,"comment_status":"open","ping_status":"open","sticky":false,"template":"","format":"standard","meta":{"footnotes":""},"categories":[44],"tags":[],"class_list":["post-331","post","type-post","status-publish","format-standard","has-post-thumbnail","hentry","category-analisis"],"yoast_head":"<!-- This site is optimized with the Yoast SEO plugin v28.3 - https:\/\/yoast.com\/product\/yoast-seo-wordpress\/ -->\n<title>Gracias, Rosal\u00eda - Caf\u00e9 &amp; corcheas<\/title>\n<meta name=\"robots\" content=\"index, follow, max-snippet:-1, max-image-preview:large, max-video-preview:-1\" \/>\n<link rel=\"canonical\" href=\"https:\/\/cafeycorcheas.es\/?p=331\" \/>\n<meta property=\"og:locale\" content=\"es_ES\" \/>\n<meta property=\"og:type\" content=\"article\" \/>\n<meta property=\"og:title\" content=\"Gracias, Rosal\u00eda - Caf\u00e9 &amp; corcheas\" \/>\n<meta property=\"og:description\" content=\"Enrique Goberna1 de noviembre, 2025 Para valorar esta joya audiovisual de tres minutos y medio habr\u00eda que hacerlo en m\u00faltiples capas: m\u00fasica, letra, simbolog\u00eda, interpretaci\u00f3n e imagen. Como no soy influencer y no tengo tantas horas de ocio para dedicarle a esta obra (pero podr\u00eda hacerlo, conste), me ce\u00f1ir\u00e9 solo \u2014o casi\u2014 a la capa [&hellip;]\" \/>\n<meta property=\"og:url\" content=\"https:\/\/cafeycorcheas.es\/?p=331\" \/>\n<meta property=\"og:site_name\" content=\"Caf\u00e9 &amp; corcheas\" \/>\n<meta property=\"article:published_time\" content=\"2025-11-03T18:04:45+00:00\" \/>\n<meta property=\"article:modified_time\" content=\"2025-11-10T20:27:45+00:00\" \/>\n<meta property=\"og:image\" content=\"https:\/\/cafeycorcheas.es\/wp-content\/uploads\/2025\/11\/574567554_10240757618026365_5449257081977532626_n.jpg\" \/>\n\t<meta property=\"og:image:width\" content=\"960\" \/>\n\t<meta property=\"og:image:height\" content=\"502\" \/>\n\t<meta property=\"og:image:type\" content=\"image\/jpeg\" \/>\n<meta name=\"author\" content=\"Enrique Goberna\" \/>\n<meta name=\"twitter:card\" content=\"summary_large_image\" \/>\n<meta name=\"twitter:label1\" content=\"Escrito por\" \/>\n\t<meta name=\"twitter:data1\" content=\"Enrique Goberna\" \/>\n\t<meta name=\"twitter:label2\" content=\"Tiempo de lectura\" \/>\n\t<meta name=\"twitter:data2\" content=\"6 minutos\" \/>\n<script type=\"application\/ld+json\" class=\"yoast-schema-graph\">{\"@context\":\"https:\\\/\\\/schema.org\",\"@graph\":[{\"@type\":\"Article\",\"@id\":\"https:\\\/\\\/cafeycorcheas.es\\\/?p=331#article\",\"isPartOf\":{\"@id\":\"https:\\\/\\\/cafeycorcheas.es\\\/?p=331\"},\"author\":{\"name\":\"Enrique Goberna\",\"@id\":\"https:\\\/\\\/cafeycorcheas.es\\\/#\\\/schema\\\/person\\\/8775a327ca0a5000474d24d409e8f854\"},\"headline\":\"Gracias, Rosal\u00eda\",\"datePublished\":\"2025-11-03T18:04:45+00:00\",\"dateModified\":\"2025-11-10T20:27:45+00:00\",\"mainEntityOfPage\":{\"@id\":\"https:\\\/\\\/cafeycorcheas.es\\\/?p=331\"},\"wordCount\":1158,\"commentCount\":0,\"publisher\":{\"@id\":\"https:\\\/\\\/cafeycorcheas.es\\\/#\\\/schema\\\/person\\\/8775a327ca0a5000474d24d409e8f854\"},\"image\":{\"@id\":\"https:\\\/\\\/cafeycorcheas.es\\\/?p=331#primaryimage\"},\"thumbnailUrl\":\"https:\\\/\\\/cafeycorcheas.es\\\/wp-content\\\/uploads\\\/2025\\\/11\\\/574567554_10240757618026365_5449257081977532626_n.jpg\",\"articleSection\":[\"An\u00e1lisis\"],\"inLanguage\":\"es\",\"potentialAction\":[{\"@type\":\"CommentAction\",\"name\":\"Comment\",\"target\":[\"https:\\\/\\\/cafeycorcheas.es\\\/?p=331#respond\"]}]},{\"@type\":\"WebPage\",\"@id\":\"https:\\\/\\\/cafeycorcheas.es\\\/?p=331\",\"url\":\"https:\\\/\\\/cafeycorcheas.es\\\/?p=331\",\"name\":\"Gracias, Rosal\u00eda - Caf\u00e9 &amp; corcheas\",\"isPartOf\":{\"@id\":\"https:\\\/\\\/cafeycorcheas.es\\\/#website\"},\"primaryImageOfPage\":{\"@id\":\"https:\\\/\\\/cafeycorcheas.es\\\/?p=331#primaryimage\"},\"image\":{\"@id\":\"https:\\\/\\\/cafeycorcheas.es\\\/?p=331#primaryimage\"},\"thumbnailUrl\":\"https:\\\/\\\/cafeycorcheas.es\\\/wp-content\\\/uploads\\\/2025\\\/11\\\/574567554_10240757618026365_5449257081977532626_n.jpg\",\"datePublished\":\"2025-11-03T18:04:45+00:00\",\"dateModified\":\"2025-11-10T20:27:45+00:00\",\"breadcrumb\":{\"@id\":\"https:\\\/\\\/cafeycorcheas.es\\\/?p=331#breadcrumb\"},\"inLanguage\":\"es\",\"potentialAction\":[{\"@type\":\"ReadAction\",\"target\":[\"https:\\\/\\\/cafeycorcheas.es\\\/?p=331\"]}]},{\"@type\":\"ImageObject\",\"inLanguage\":\"es\",\"@id\":\"https:\\\/\\\/cafeycorcheas.es\\\/?p=331#primaryimage\",\"url\":\"https:\\\/\\\/cafeycorcheas.es\\\/wp-content\\\/uploads\\\/2025\\\/11\\\/574567554_10240757618026365_5449257081977532626_n.jpg\",\"contentUrl\":\"https:\\\/\\\/cafeycorcheas.es\\\/wp-content\\\/uploads\\\/2025\\\/11\\\/574567554_10240757618026365_5449257081977532626_n.jpg\",\"width\":960,\"height\":502},{\"@type\":\"BreadcrumbList\",\"@id\":\"https:\\\/\\\/cafeycorcheas.es\\\/?p=331#breadcrumb\",\"itemListElement\":[{\"@type\":\"ListItem\",\"position\":1,\"name\":\"Portada\",\"item\":\"https:\\\/\\\/cafeycorcheas.es\\\/\"},{\"@type\":\"ListItem\",\"position\":2,\"name\":\"Gracias, Rosal\u00eda\"}]},{\"@type\":\"WebSite\",\"@id\":\"https:\\\/\\\/cafeycorcheas.es\\\/#website\",\"url\":\"https:\\\/\\\/cafeycorcheas.es\\\/\",\"name\":\"Caf\u00e9 & corcheas\",\"description\":\"Blog de m\u00fasica cl\u00e1sica. Si alguna vez pensaste que no entiendes de m\u00fasica es probablemente porque nadie te la explic\u00f3 bien. Exploraremos sinfon\u00edas, conciertos y partituras con humor, curiosidad y cierta insolencia. Si tienes orejas eres bienvenido.\",\"publisher\":{\"@id\":\"https:\\\/\\\/cafeycorcheas.es\\\/#\\\/schema\\\/person\\\/8775a327ca0a5000474d24d409e8f854\"},\"alternateName\":\"Caf\u00e9 & Corcheas - M\u00fasica Cl\u00e1sica, An\u00e1lisis Musical y An\u00e9cdotas.\",\"potentialAction\":[{\"@type\":\"SearchAction\",\"target\":{\"@type\":\"EntryPoint\",\"urlTemplate\":\"https:\\\/\\\/cafeycorcheas.es\\\/?s={search_term_string}\"},\"query-input\":{\"@type\":\"PropertyValueSpecification\",\"valueRequired\":true,\"valueName\":\"search_term_string\"}}],\"inLanguage\":\"es\"},{\"@type\":[\"Person\",\"Organization\"],\"@id\":\"https:\\\/\\\/cafeycorcheas.es\\\/#\\\/schema\\\/person\\\/8775a327ca0a5000474d24d409e8f854\",\"name\":\"Enrique Goberna\",\"image\":{\"@type\":\"ImageObject\",\"inLanguage\":\"es\",\"@id\":\"https:\\\/\\\/cafeycorcheas.es\\\/wp-content\\\/uploads\\\/2025\\\/11\\\/solo-logo-1.svg\",\"url\":\"https:\\\/\\\/cafeycorcheas.es\\\/wp-content\\\/uploads\\\/2025\\\/11\\\/solo-logo-1.svg\",\"contentUrl\":\"https:\\\/\\\/cafeycorcheas.es\\\/wp-content\\\/uploads\\\/2025\\\/11\\\/solo-logo-1.svg\",\"width\":100,\"height\":70,\"caption\":\"Enrique Goberna\"},\"logo\":{\"@id\":\"https:\\\/\\\/cafeycorcheas.es\\\/wp-content\\\/uploads\\\/2025\\\/11\\\/solo-logo-1.svg\"},\"sameAs\":[\"https:\\\/\\\/cafeycorcheas.es\"],\"url\":\"https:\\\/\\\/cafeycorcheas.es\\\/?author=1\"}]}<\/script>\n<!-- \/ Yoast SEO plugin. -->","yoast_head_json":{"title":"Gracias, Rosal\u00eda - Caf\u00e9 &amp; corcheas","robots":{"index":"index","follow":"follow","max-snippet":"max-snippet:-1","max-image-preview":"max-image-preview:large","max-video-preview":"max-video-preview:-1"},"canonical":"https:\/\/cafeycorcheas.es\/?p=331","og_locale":"es_ES","og_type":"article","og_title":"Gracias, Rosal\u00eda - Caf\u00e9 &amp; corcheas","og_description":"Enrique Goberna1 de noviembre, 2025 Para valorar esta joya audiovisual de tres minutos y medio habr\u00eda que hacerlo en m\u00faltiples capas: m\u00fasica, letra, simbolog\u00eda, interpretaci\u00f3n e imagen. Como no soy influencer y no tengo tantas horas de ocio para dedicarle a esta obra (pero podr\u00eda hacerlo, conste), me ce\u00f1ir\u00e9 solo \u2014o casi\u2014 a la capa [&hellip;]","og_url":"https:\/\/cafeycorcheas.es\/?p=331","og_site_name":"Caf\u00e9 &amp; corcheas","article_published_time":"2025-11-03T18:04:45+00:00","article_modified_time":"2025-11-10T20:27:45+00:00","og_image":[{"width":960,"height":502,"url":"https:\/\/cafeycorcheas.es\/wp-content\/uploads\/2025\/11\/574567554_10240757618026365_5449257081977532626_n.jpg","type":"image\/jpeg"}],"author":"Enrique Goberna","twitter_card":"summary_large_image","twitter_misc":{"Escrito por":"Enrique Goberna","Tiempo de lectura":"6 minutos"},"schema":{"@context":"https:\/\/schema.org","@graph":[{"@type":"Article","@id":"https:\/\/cafeycorcheas.es\/?p=331#article","isPartOf":{"@id":"https:\/\/cafeycorcheas.es\/?p=331"},"author":{"name":"Enrique Goberna","@id":"https:\/\/cafeycorcheas.es\/#\/schema\/person\/8775a327ca0a5000474d24d409e8f854"},"headline":"Gracias, Rosal\u00eda","datePublished":"2025-11-03T18:04:45+00:00","dateModified":"2025-11-10T20:27:45+00:00","mainEntityOfPage":{"@id":"https:\/\/cafeycorcheas.es\/?p=331"},"wordCount":1158,"commentCount":0,"publisher":{"@id":"https:\/\/cafeycorcheas.es\/#\/schema\/person\/8775a327ca0a5000474d24d409e8f854"},"image":{"@id":"https:\/\/cafeycorcheas.es\/?p=331#primaryimage"},"thumbnailUrl":"https:\/\/cafeycorcheas.es\/wp-content\/uploads\/2025\/11\/574567554_10240757618026365_5449257081977532626_n.jpg","articleSection":["An\u00e1lisis"],"inLanguage":"es","potentialAction":[{"@type":"CommentAction","name":"Comment","target":["https:\/\/cafeycorcheas.es\/?p=331#respond"]}]},{"@type":"WebPage","@id":"https:\/\/cafeycorcheas.es\/?p=331","url":"https:\/\/cafeycorcheas.es\/?p=331","name":"Gracias, Rosal\u00eda - Caf\u00e9 &amp; corcheas","isPartOf":{"@id":"https:\/\/cafeycorcheas.es\/#website"},"primaryImageOfPage":{"@id":"https:\/\/cafeycorcheas.es\/?p=331#primaryimage"},"image":{"@id":"https:\/\/cafeycorcheas.es\/?p=331#primaryimage"},"thumbnailUrl":"https:\/\/cafeycorcheas.es\/wp-content\/uploads\/2025\/11\/574567554_10240757618026365_5449257081977532626_n.jpg","datePublished":"2025-11-03T18:04:45+00:00","dateModified":"2025-11-10T20:27:45+00:00","breadcrumb":{"@id":"https:\/\/cafeycorcheas.es\/?p=331#breadcrumb"},"inLanguage":"es","potentialAction":[{"@type":"ReadAction","target":["https:\/\/cafeycorcheas.es\/?p=331"]}]},{"@type":"ImageObject","inLanguage":"es","@id":"https:\/\/cafeycorcheas.es\/?p=331#primaryimage","url":"https:\/\/cafeycorcheas.es\/wp-content\/uploads\/2025\/11\/574567554_10240757618026365_5449257081977532626_n.jpg","contentUrl":"https:\/\/cafeycorcheas.es\/wp-content\/uploads\/2025\/11\/574567554_10240757618026365_5449257081977532626_n.jpg","width":960,"height":502},{"@type":"BreadcrumbList","@id":"https:\/\/cafeycorcheas.es\/?p=331#breadcrumb","itemListElement":[{"@type":"ListItem","position":1,"name":"Portada","item":"https:\/\/cafeycorcheas.es\/"},{"@type":"ListItem","position":2,"name":"Gracias, Rosal\u00eda"}]},{"@type":"WebSite","@id":"https:\/\/cafeycorcheas.es\/#website","url":"https:\/\/cafeycorcheas.es\/","name":"Caf\u00e9 & corcheas","description":"Blog de m\u00fasica cl\u00e1sica. Si alguna vez pensaste que no entiendes de m\u00fasica es probablemente porque nadie te la explic\u00f3 bien. Exploraremos sinfon\u00edas, conciertos y partituras con humor, curiosidad y cierta insolencia. Si tienes orejas eres bienvenido.","publisher":{"@id":"https:\/\/cafeycorcheas.es\/#\/schema\/person\/8775a327ca0a5000474d24d409e8f854"},"alternateName":"Caf\u00e9 & Corcheas - M\u00fasica Cl\u00e1sica, An\u00e1lisis Musical y An\u00e9cdotas.","potentialAction":[{"@type":"SearchAction","target":{"@type":"EntryPoint","urlTemplate":"https:\/\/cafeycorcheas.es\/?s={search_term_string}"},"query-input":{"@type":"PropertyValueSpecification","valueRequired":true,"valueName":"search_term_string"}}],"inLanguage":"es"},{"@type":["Person","Organization"],"@id":"https:\/\/cafeycorcheas.es\/#\/schema\/person\/8775a327ca0a5000474d24d409e8f854","name":"Enrique Goberna","image":{"@type":"ImageObject","inLanguage":"es","@id":"https:\/\/cafeycorcheas.es\/wp-content\/uploads\/2025\/11\/solo-logo-1.svg","url":"https:\/\/cafeycorcheas.es\/wp-content\/uploads\/2025\/11\/solo-logo-1.svg","contentUrl":"https:\/\/cafeycorcheas.es\/wp-content\/uploads\/2025\/11\/solo-logo-1.svg","width":100,"height":70,"caption":"Enrique Goberna"},"logo":{"@id":"https:\/\/cafeycorcheas.es\/wp-content\/uploads\/2025\/11\/solo-logo-1.svg"},"sameAs":["https:\/\/cafeycorcheas.es"],"url":"https:\/\/cafeycorcheas.es\/?author=1"}]}},"_links":{"self":[{"href":"https:\/\/cafeycorcheas.es\/index.php?rest_route=\/wp\/v2\/posts\/331","targetHints":{"allow":["GET"]}}],"collection":[{"href":"https:\/\/cafeycorcheas.es\/index.php?rest_route=\/wp\/v2\/posts"}],"about":[{"href":"https:\/\/cafeycorcheas.es\/index.php?rest_route=\/wp\/v2\/types\/post"}],"author":[{"embeddable":true,"href":"https:\/\/cafeycorcheas.es\/index.php?rest_route=\/wp\/v2\/users\/1"}],"replies":[{"embeddable":true,"href":"https:\/\/cafeycorcheas.es\/index.php?rest_route=%2Fwp%2Fv2%2Fcomments&post=331"}],"version-history":[{"count":38,"href":"https:\/\/cafeycorcheas.es\/index.php?rest_route=\/wp\/v2\/posts\/331\/revisions"}],"predecessor-version":[{"id":2208,"href":"https:\/\/cafeycorcheas.es\/index.php?rest_route=\/wp\/v2\/posts\/331\/revisions\/2208"}],"wp:featuredmedia":[{"embeddable":true,"href":"https:\/\/cafeycorcheas.es\/index.php?rest_route=\/wp\/v2\/media\/332"}],"wp:attachment":[{"href":"https:\/\/cafeycorcheas.es\/index.php?rest_route=%2Fwp%2Fv2%2Fmedia&parent=331"}],"wp:term":[{"taxonomy":"category","embeddable":true,"href":"https:\/\/cafeycorcheas.es\/index.php?rest_route=%2Fwp%2Fv2%2Fcategories&post=331"},{"taxonomy":"post_tag","embeddable":true,"href":"https:\/\/cafeycorcheas.es\/index.php?rest_route=%2Fwp%2Fv2%2Ftags&post=331"}],"curies":[{"name":"wp","href":"https:\/\/api.w.org\/{rel}","templated":true}]}}