{"id":2283,"date":"2025-12-12T04:10:36","date_gmt":"2025-12-12T03:10:36","guid":{"rendered":"https:\/\/cafeycorcheas.es\/?p=2283"},"modified":"2025-12-12T04:20:34","modified_gmt":"2025-12-12T03:20:34","slug":"robe-in-memoriam","status":"publish","type":"post","link":"https:\/\/cafeycorcheas.es\/?p=2283","title":{"rendered":"Robe In Memoriam"},"content":{"rendered":"\n<p class=\"wp-block-paragraph\">La primera vez que vi Extremoduro en directo fue en C\u00e1diz, en la sala Anfiteatro, hoy Momart, el 12 de febrero de 1994, s\u00e1bado de carnaval. En lo musical, una estafa de concierto que medio salvaron Fito, Uoho y los Platero; aunque la verdad es que muchos fuimos esperando ver lo que vimos.<\/p>\n\n\n\n<p class=\"wp-block-paragraph\">Ese a\u00f1o mis amigos y un servidor sac\u00e1bamos una chirigota a\u00fan m\u00e1s lamentable que el des-concierto que acab\u00e1bamos de presenciar: \u00abHumol amalillo\u00bb se llamaba. De jugadores del C\u00e1diz chinos que tropezando y fallando goles a puerta vac\u00eda serv\u00edan de cachondeo. No hab\u00eda por donde cogerla. Despu\u00e9s de escuchar algunos temas de Extremoduro en boca de Fito, porque Robe no se ten\u00eda en pie y no acababa las canciones, y de sufrir el impacto de algunos cubitazos dirigidos a \u00e9l cuando, valga la redundancia, se meti\u00f3 pa&#8217; dentro a meterse, el I\u00f1aki se quit\u00f3 la camiseta de Extremoduro y la lanz\u00f3 al p\u00fablico. Yo creo que pens\u00f3 que eso distraer\u00eda la atenci\u00f3n sobre Robe y reconducir\u00eda la ira del irrespetable hacia la batalla por la camiseta. Pero un carajo pa&#8217;l I\u00f1aki.<\/p>\n\n\n\n<p class=\"wp-block-paragraph\">Efectivamente, como si de un nuevo foco del mismo incendio se tratase, la batalla por la camiseta comenz\u00f3 a pie de escenario; los que en ella combatimos sufrimos el impacto del fuego amigo cuando una nube de cubitos de hielo, vasos y objetos lanzados desde la grada sobrevol\u00f3 nuestras cabezas en busca del Robe; como cuando los arqueros elfos daban cobertura a la carga de la caballer\u00eda pero en bajuno. Consegu\u00ed atrapar la camiseta del Uoho justo antes de caer entre el tumulto alcanzado por un cubito certero que me hizo una brecha. En la ca\u00edda me part\u00ed el labio contra la rodilla de uno que pretend\u00eda quitarme el trofeo. Pero justo cuando estaba a punto de hacerlo, un vaso de tubo a media carga le alcanz\u00f3 en to&#8217; la frente haci\u00e9ndolo caer tambi\u00e9n. Al acabar el concierto mis amigos y yo, ensangrentado, nos fuimos pa&#8217; la Vi\u00f1a para reunirnos con el resto de la chirigota.<\/p>\n\n\n\n<p class=\"wp-block-paragraph\">En aquellos a\u00f1os C\u00e1diz ten\u00eda 30 mil habitantes m\u00e1s que ahora y de ellos la mayor\u00eda eran j\u00f3venes. Y estaban en la Vi\u00f1a. No s\u00e9 c\u00f3mo ni en qu\u00e9 momento me puse el bombo de la chirigota y comenc\u00e9 a tocarlo haciendo ritmos con el platillo para acompa\u00f1ar el baile de la masa, pero fue ah\u00ed, sobre las 3 de la ma\u00f1ana, a la entrada de la calle Trinidad, cuando apareci\u00f3 el Robe. Ven\u00eda acompa\u00f1ado y sujetado por dos pibas, aunque a decir verdad, como \u00e9l ven\u00eda medio encorvao, las hac\u00eda a ellas m\u00e1s altas.<\/p>\n\n\n\n<p class=\"wp-block-paragraph\">Una de ellas me dijo que le diera ca\u00f1a al bombo, a lo que el Robe respondi\u00f3:<br>\u2014En C\u00e1diz no ten\u00e9is ni puta idea de tocar.<\/p>\n\n\n\n<p class=\"wp-block-paragraph\">\u2014Pues anda que t\u00fa, con el concierto de mierda que has dao\u2026\u2014 contest\u00e9.<\/p>\n\n\n\n<p class=\"wp-block-paragraph\">Como no se esperaba esa respuesta insisti\u00f3 en el vacile:<br>\u2014Ese bombo lo toco yo con la polla&#8230;<\/p>\n\n\n\n<p class=\"wp-block-paragraph\">A lo que, arrim\u00e1ndoselo, respond\u00ed ipso facto:<br>\u2014Venga, a ver si tienes cojones\u2026<\/p>\n\n\n\n<p class=\"wp-block-paragraph\">Entonces una de las pibas que lo acompa\u00f1aban comenz\u00f3 a gritar:<br>\u2014\u00a1Que lo toque, que lo toque!<\/p>\n\n\n\n<p class=\"wp-block-paragraph\">Pronto eran m\u00e1s de 30 personas las que lo coreaban. La mayor\u00eda no sab\u00edan que el despojo aquel era uno de los mejores compositores del rock espa\u00f1ol y comenzaron a picarlo:<br>\u2014\u00a1Venga, maricona! \u00a1T\u00f3calo con la polla! \u00a1Que lo toque, que lo toque!<\/p>\n\n\n\n<p class=\"wp-block-paragraph\">Y Robe, ciego de ira y de otras muchas cosas, se tir\u00f3 pa&#8217; bajo del pantal\u00f3n de ch\u00e1ndal chungo que llevaba sin calzoncillos, y andando torpemente por tener el ch\u00e1ndal por los tobillos se arrim\u00f3 a m\u00ed, picha en mano.<br>\u2014Trae pac\u00e1, que no ten\u00e9is ni puta idea&#8230;\u2014 me dijo.<\/p>\n\n\n\n<p class=\"wp-block-paragraph\">Yo llevaba el bombo colgao con las correas, pero como era de los peque\u00f1os, la parte baja quedaba m\u00e1s alta de lo normal, as\u00ed que o sacaba una picha de medio metro o tendr\u00eda que ponerse de puntillas y saltar. Y eso hizo: con una mano se agarr\u00f3 a m\u00ed por el hombro y con la otra trat\u00f3 de estirarse la picha lo suficiente para golpear el parche de Hipersol. Cosa que evidentemente no consigui\u00f3. Tras cuatro o cinco golpes de su glande contra el aro de madera y las cinchas de metal que nos hicieron estremecernos a todos, le grit\u00e9:<br>\u2014\u00a1No suena!<\/p>\n\n\n\n<p class=\"wp-block-paragraph\">Lo que provoc\u00f3 de nuevo su insistencia ante la sobrecogida mirada de un corro de ya casi 40 personas que pronto comenzaron a corear:<br>\u2014\u00a1No se escucha! \u00a1No se escucha!<\/p>\n\n\n\n<p class=\"wp-block-paragraph\">As\u00ed hasta que, tras varios interminables segundos, el Robe recogi\u00f3 cable y picha, y desapareci\u00f3 en la espesura de la calle Corral\u00f3n con el rabo, dolorido, entre las piernas.<\/p>\n\n\n\n<p class=\"wp-block-paragraph\">Para m\u00ed el mito, lejos de caerse, se hizo m\u00e1s grande. Ese t\u00edo era as\u00ed de verdad, no era pose. Lo que nadie que fuera a aquel concierto o presenciase aquella s\u00f3rdida escena en Corral\u00f3n con Trinidad pod\u00eda imaginar es que aquel rockero transgresivo y autodestructivo, aquel bajund\u00e1, sobrevivir\u00eda a s\u00ed mismo y acabar\u00eda haciendo bailar, pensar y disfrutar con sus canciones a varias generaciones. Ya soy pureta, pero hasta ahora nunca me hab\u00eda sentido identificado con eso que han dicho de otros m\u00fasicos de que \u00abfue la banda sonora de una generaci\u00f3n\u00bb. Ahora s\u00ed. No hay momento importante de mi vida, ya sea bueno o malo, que no est\u00e9 vinculado para siempre a la m\u00fasica de aquel nota que, apoy\u00e1ndose en mi hombro, toc\u00f3 el bombo \u2014bueno, el aro del bombo\u2014 con la picha. Hasta siempre, siempre, siempre.<\/p>\n\n\n\n<blockquote class=\"wp-block-quote is-layout-flow wp-block-quote-is-layout-flow\">\n<p class=\"wp-block-paragraph\"><\/p>\n<\/blockquote>\n\n\n\n<p class=\"wp-block-paragraph\">\u2014<br><em>Esta an\u00e9cdota es original de Javier BM, y se ha extra\u00eddo y compartido tal cual del muro de facebook de su autor.<\/em><\/p>\n\n\n\n<p class=\"wp-block-paragraph\"><\/p>\n","protected":false},"excerpt":{"rendered":"<p>La primera vez que vi Extremoduro en directo fue en C\u00e1diz, en la sala Anfiteatro, hoy Momart, el 12 de febrero de 1994, s\u00e1bado de carnaval. En lo musical, una estafa de concierto que medio salvaron Fito, Uoho y los Platero; aunque la verdad es que muchos fuimos esperando ver lo que vimos. Ese a\u00f1o [&hellip;]<\/p>\n","protected":false},"author":1,"featured_media":2284,"comment_status":"open","ping_status":"open","sticky":false,"template":"","format":"standard","meta":{"footnotes":""},"categories":[43],"tags":[],"class_list":["post-2283","post","type-post","status-publish","format-standard","has-post-thumbnail","hentry","category-anecdotas"],"yoast_head":"<!-- This site is optimized with the Yoast SEO plugin v28.3 - https:\/\/yoast.com\/product\/yoast-seo-wordpress\/ -->\n<title>Robe In Memoriam - Caf\u00e9 &amp; corcheas<\/title>\n<meta name=\"robots\" content=\"index, follow, max-snippet:-1, max-image-preview:large, max-video-preview:-1\" \/>\n<link rel=\"canonical\" href=\"https:\/\/cafeycorcheas.es\/?p=2283\" \/>\n<meta property=\"og:locale\" content=\"es_ES\" \/>\n<meta property=\"og:type\" content=\"article\" \/>\n<meta property=\"og:title\" content=\"Robe In Memoriam - Caf\u00e9 &amp; corcheas\" \/>\n<meta property=\"og:description\" content=\"La primera vez que vi Extremoduro en directo fue en C\u00e1diz, en la sala Anfiteatro, hoy Momart, el 12 de febrero de 1994, s\u00e1bado de carnaval. En lo musical, una estafa de concierto que medio salvaron Fito, Uoho y los Platero; aunque la verdad es que muchos fuimos esperando ver lo que vimos. Ese a\u00f1o [&hellip;]\" \/>\n<meta property=\"og:url\" content=\"https:\/\/cafeycorcheas.es\/?p=2283\" \/>\n<meta property=\"og:site_name\" content=\"Caf\u00e9 &amp; corcheas\" \/>\n<meta property=\"article:published_time\" content=\"2025-12-12T03:10:36+00:00\" \/>\n<meta property=\"article:modified_time\" content=\"2025-12-12T03:20:34+00:00\" \/>\n<meta property=\"og:image\" content=\"https:\/\/cafeycorcheas.es\/wp-content\/uploads\/2025\/12\/def55492-808e-403f-bfaf-a64ae8f9e849_16-9-discover-aspect-ratio_default_0.jpg\" \/>\n\t<meta property=\"og:image:width\" content=\"1200\" \/>\n\t<meta property=\"og:image:height\" content=\"675\" \/>\n\t<meta property=\"og:image:type\" content=\"image\/jpeg\" \/>\n<meta name=\"author\" content=\"Enrique Goberna\" \/>\n<meta name=\"twitter:card\" content=\"summary_large_image\" \/>\n<meta name=\"twitter:label1\" content=\"Escrito por\" \/>\n\t<meta name=\"twitter:data1\" content=\"Enrique Goberna\" \/>\n\t<meta name=\"twitter:label2\" content=\"Tiempo de lectura\" \/>\n\t<meta name=\"twitter:data2\" content=\"5 minutos\" \/>\n<script type=\"application\/ld+json\" class=\"yoast-schema-graph\">{\"@context\":\"https:\\\/\\\/schema.org\",\"@graph\":[{\"@type\":\"Article\",\"@id\":\"https:\\\/\\\/cafeycorcheas.es\\\/?p=2283#article\",\"isPartOf\":{\"@id\":\"https:\\\/\\\/cafeycorcheas.es\\\/?p=2283\"},\"author\":{\"name\":\"Enrique Goberna\",\"@id\":\"https:\\\/\\\/cafeycorcheas.es\\\/#\\\/schema\\\/person\\\/8775a327ca0a5000474d24d409e8f854\"},\"headline\":\"Robe In Memoriam\",\"datePublished\":\"2025-12-12T03:10:36+00:00\",\"dateModified\":\"2025-12-12T03:20:34+00:00\",\"mainEntityOfPage\":{\"@id\":\"https:\\\/\\\/cafeycorcheas.es\\\/?p=2283\"},\"wordCount\":1007,\"commentCount\":0,\"publisher\":{\"@id\":\"https:\\\/\\\/cafeycorcheas.es\\\/#\\\/schema\\\/person\\\/8775a327ca0a5000474d24d409e8f854\"},\"image\":{\"@id\":\"https:\\\/\\\/cafeycorcheas.es\\\/?p=2283#primaryimage\"},\"thumbnailUrl\":\"https:\\\/\\\/cafeycorcheas.es\\\/wp-content\\\/uploads\\\/2025\\\/12\\\/def55492-808e-403f-bfaf-a64ae8f9e849_16-9-discover-aspect-ratio_default_0.jpg\",\"articleSection\":[\"AN\u00c9CDOTAS\"],\"inLanguage\":\"es\",\"potentialAction\":[{\"@type\":\"CommentAction\",\"name\":\"Comment\",\"target\":[\"https:\\\/\\\/cafeycorcheas.es\\\/?p=2283#respond\"]}]},{\"@type\":\"WebPage\",\"@id\":\"https:\\\/\\\/cafeycorcheas.es\\\/?p=2283\",\"url\":\"https:\\\/\\\/cafeycorcheas.es\\\/?p=2283\",\"name\":\"Robe In Memoriam - Caf\u00e9 &amp; corcheas\",\"isPartOf\":{\"@id\":\"https:\\\/\\\/cafeycorcheas.es\\\/#website\"},\"primaryImageOfPage\":{\"@id\":\"https:\\\/\\\/cafeycorcheas.es\\\/?p=2283#primaryimage\"},\"image\":{\"@id\":\"https:\\\/\\\/cafeycorcheas.es\\\/?p=2283#primaryimage\"},\"thumbnailUrl\":\"https:\\\/\\\/cafeycorcheas.es\\\/wp-content\\\/uploads\\\/2025\\\/12\\\/def55492-808e-403f-bfaf-a64ae8f9e849_16-9-discover-aspect-ratio_default_0.jpg\",\"datePublished\":\"2025-12-12T03:10:36+00:00\",\"dateModified\":\"2025-12-12T03:20:34+00:00\",\"breadcrumb\":{\"@id\":\"https:\\\/\\\/cafeycorcheas.es\\\/?p=2283#breadcrumb\"},\"inLanguage\":\"es\",\"potentialAction\":[{\"@type\":\"ReadAction\",\"target\":[\"https:\\\/\\\/cafeycorcheas.es\\\/?p=2283\"]}]},{\"@type\":\"ImageObject\",\"inLanguage\":\"es\",\"@id\":\"https:\\\/\\\/cafeycorcheas.es\\\/?p=2283#primaryimage\",\"url\":\"https:\\\/\\\/cafeycorcheas.es\\\/wp-content\\\/uploads\\\/2025\\\/12\\\/def55492-808e-403f-bfaf-a64ae8f9e849_16-9-discover-aspect-ratio_default_0.jpg\",\"contentUrl\":\"https:\\\/\\\/cafeycorcheas.es\\\/wp-content\\\/uploads\\\/2025\\\/12\\\/def55492-808e-403f-bfaf-a64ae8f9e849_16-9-discover-aspect-ratio_default_0.jpg\",\"width\":1200,\"height\":675},{\"@type\":\"BreadcrumbList\",\"@id\":\"https:\\\/\\\/cafeycorcheas.es\\\/?p=2283#breadcrumb\",\"itemListElement\":[{\"@type\":\"ListItem\",\"position\":1,\"name\":\"Portada\",\"item\":\"https:\\\/\\\/cafeycorcheas.es\\\/\"},{\"@type\":\"ListItem\",\"position\":2,\"name\":\"Robe In Memoriam\"}]},{\"@type\":\"WebSite\",\"@id\":\"https:\\\/\\\/cafeycorcheas.es\\\/#website\",\"url\":\"https:\\\/\\\/cafeycorcheas.es\\\/\",\"name\":\"Caf\u00e9 & corcheas\",\"description\":\"Blog de m\u00fasica cl\u00e1sica. Si alguna vez pensaste que no entiendes de m\u00fasica es probablemente porque nadie te la explic\u00f3 bien. Exploraremos sinfon\u00edas, conciertos y partituras con humor, curiosidad y cierta insolencia. Si tienes orejas eres bienvenido.\",\"publisher\":{\"@id\":\"https:\\\/\\\/cafeycorcheas.es\\\/#\\\/schema\\\/person\\\/8775a327ca0a5000474d24d409e8f854\"},\"alternateName\":\"Caf\u00e9 & Corcheas - M\u00fasica Cl\u00e1sica, An\u00e1lisis Musical y An\u00e9cdotas.\",\"potentialAction\":[{\"@type\":\"SearchAction\",\"target\":{\"@type\":\"EntryPoint\",\"urlTemplate\":\"https:\\\/\\\/cafeycorcheas.es\\\/?s={search_term_string}\"},\"query-input\":{\"@type\":\"PropertyValueSpecification\",\"valueRequired\":true,\"valueName\":\"search_term_string\"}}],\"inLanguage\":\"es\"},{\"@type\":[\"Person\",\"Organization\"],\"@id\":\"https:\\\/\\\/cafeycorcheas.es\\\/#\\\/schema\\\/person\\\/8775a327ca0a5000474d24d409e8f854\",\"name\":\"Enrique Goberna\",\"image\":{\"@type\":\"ImageObject\",\"inLanguage\":\"es\",\"@id\":\"https:\\\/\\\/cafeycorcheas.es\\\/wp-content\\\/uploads\\\/2025\\\/11\\\/solo-logo-1.svg\",\"url\":\"https:\\\/\\\/cafeycorcheas.es\\\/wp-content\\\/uploads\\\/2025\\\/11\\\/solo-logo-1.svg\",\"contentUrl\":\"https:\\\/\\\/cafeycorcheas.es\\\/wp-content\\\/uploads\\\/2025\\\/11\\\/solo-logo-1.svg\",\"width\":100,\"height\":70,\"caption\":\"Enrique Goberna\"},\"logo\":{\"@id\":\"https:\\\/\\\/cafeycorcheas.es\\\/wp-content\\\/uploads\\\/2025\\\/11\\\/solo-logo-1.svg\"},\"sameAs\":[\"https:\\\/\\\/cafeycorcheas.es\"],\"url\":\"https:\\\/\\\/cafeycorcheas.es\\\/?author=1\"}]}<\/script>\n<!-- \/ Yoast SEO plugin. -->","yoast_head_json":{"title":"Robe In Memoriam - Caf\u00e9 &amp; corcheas","robots":{"index":"index","follow":"follow","max-snippet":"max-snippet:-1","max-image-preview":"max-image-preview:large","max-video-preview":"max-video-preview:-1"},"canonical":"https:\/\/cafeycorcheas.es\/?p=2283","og_locale":"es_ES","og_type":"article","og_title":"Robe In Memoriam - Caf\u00e9 &amp; corcheas","og_description":"La primera vez que vi Extremoduro en directo fue en C\u00e1diz, en la sala Anfiteatro, hoy Momart, el 12 de febrero de 1994, s\u00e1bado de carnaval. En lo musical, una estafa de concierto que medio salvaron Fito, Uoho y los Platero; aunque la verdad es que muchos fuimos esperando ver lo que vimos. Ese a\u00f1o [&hellip;]","og_url":"https:\/\/cafeycorcheas.es\/?p=2283","og_site_name":"Caf\u00e9 &amp; corcheas","article_published_time":"2025-12-12T03:10:36+00:00","article_modified_time":"2025-12-12T03:20:34+00:00","og_image":[{"width":1200,"height":675,"url":"https:\/\/cafeycorcheas.es\/wp-content\/uploads\/2025\/12\/def55492-808e-403f-bfaf-a64ae8f9e849_16-9-discover-aspect-ratio_default_0.jpg","type":"image\/jpeg"}],"author":"Enrique Goberna","twitter_card":"summary_large_image","twitter_misc":{"Escrito por":"Enrique Goberna","Tiempo de lectura":"5 minutos"},"schema":{"@context":"https:\/\/schema.org","@graph":[{"@type":"Article","@id":"https:\/\/cafeycorcheas.es\/?p=2283#article","isPartOf":{"@id":"https:\/\/cafeycorcheas.es\/?p=2283"},"author":{"name":"Enrique Goberna","@id":"https:\/\/cafeycorcheas.es\/#\/schema\/person\/8775a327ca0a5000474d24d409e8f854"},"headline":"Robe In Memoriam","datePublished":"2025-12-12T03:10:36+00:00","dateModified":"2025-12-12T03:20:34+00:00","mainEntityOfPage":{"@id":"https:\/\/cafeycorcheas.es\/?p=2283"},"wordCount":1007,"commentCount":0,"publisher":{"@id":"https:\/\/cafeycorcheas.es\/#\/schema\/person\/8775a327ca0a5000474d24d409e8f854"},"image":{"@id":"https:\/\/cafeycorcheas.es\/?p=2283#primaryimage"},"thumbnailUrl":"https:\/\/cafeycorcheas.es\/wp-content\/uploads\/2025\/12\/def55492-808e-403f-bfaf-a64ae8f9e849_16-9-discover-aspect-ratio_default_0.jpg","articleSection":["AN\u00c9CDOTAS"],"inLanguage":"es","potentialAction":[{"@type":"CommentAction","name":"Comment","target":["https:\/\/cafeycorcheas.es\/?p=2283#respond"]}]},{"@type":"WebPage","@id":"https:\/\/cafeycorcheas.es\/?p=2283","url":"https:\/\/cafeycorcheas.es\/?p=2283","name":"Robe In Memoriam - Caf\u00e9 &amp; corcheas","isPartOf":{"@id":"https:\/\/cafeycorcheas.es\/#website"},"primaryImageOfPage":{"@id":"https:\/\/cafeycorcheas.es\/?p=2283#primaryimage"},"image":{"@id":"https:\/\/cafeycorcheas.es\/?p=2283#primaryimage"},"thumbnailUrl":"https:\/\/cafeycorcheas.es\/wp-content\/uploads\/2025\/12\/def55492-808e-403f-bfaf-a64ae8f9e849_16-9-discover-aspect-ratio_default_0.jpg","datePublished":"2025-12-12T03:10:36+00:00","dateModified":"2025-12-12T03:20:34+00:00","breadcrumb":{"@id":"https:\/\/cafeycorcheas.es\/?p=2283#breadcrumb"},"inLanguage":"es","potentialAction":[{"@type":"ReadAction","target":["https:\/\/cafeycorcheas.es\/?p=2283"]}]},{"@type":"ImageObject","inLanguage":"es","@id":"https:\/\/cafeycorcheas.es\/?p=2283#primaryimage","url":"https:\/\/cafeycorcheas.es\/wp-content\/uploads\/2025\/12\/def55492-808e-403f-bfaf-a64ae8f9e849_16-9-discover-aspect-ratio_default_0.jpg","contentUrl":"https:\/\/cafeycorcheas.es\/wp-content\/uploads\/2025\/12\/def55492-808e-403f-bfaf-a64ae8f9e849_16-9-discover-aspect-ratio_default_0.jpg","width":1200,"height":675},{"@type":"BreadcrumbList","@id":"https:\/\/cafeycorcheas.es\/?p=2283#breadcrumb","itemListElement":[{"@type":"ListItem","position":1,"name":"Portada","item":"https:\/\/cafeycorcheas.es\/"},{"@type":"ListItem","position":2,"name":"Robe In Memoriam"}]},{"@type":"WebSite","@id":"https:\/\/cafeycorcheas.es\/#website","url":"https:\/\/cafeycorcheas.es\/","name":"Caf\u00e9 & corcheas","description":"Blog de m\u00fasica cl\u00e1sica. Si alguna vez pensaste que no entiendes de m\u00fasica es probablemente porque nadie te la explic\u00f3 bien. Exploraremos sinfon\u00edas, conciertos y partituras con humor, curiosidad y cierta insolencia. Si tienes orejas eres bienvenido.","publisher":{"@id":"https:\/\/cafeycorcheas.es\/#\/schema\/person\/8775a327ca0a5000474d24d409e8f854"},"alternateName":"Caf\u00e9 & Corcheas - M\u00fasica Cl\u00e1sica, An\u00e1lisis Musical y An\u00e9cdotas.","potentialAction":[{"@type":"SearchAction","target":{"@type":"EntryPoint","urlTemplate":"https:\/\/cafeycorcheas.es\/?s={search_term_string}"},"query-input":{"@type":"PropertyValueSpecification","valueRequired":true,"valueName":"search_term_string"}}],"inLanguage":"es"},{"@type":["Person","Organization"],"@id":"https:\/\/cafeycorcheas.es\/#\/schema\/person\/8775a327ca0a5000474d24d409e8f854","name":"Enrique Goberna","image":{"@type":"ImageObject","inLanguage":"es","@id":"https:\/\/cafeycorcheas.es\/wp-content\/uploads\/2025\/11\/solo-logo-1.svg","url":"https:\/\/cafeycorcheas.es\/wp-content\/uploads\/2025\/11\/solo-logo-1.svg","contentUrl":"https:\/\/cafeycorcheas.es\/wp-content\/uploads\/2025\/11\/solo-logo-1.svg","width":100,"height":70,"caption":"Enrique Goberna"},"logo":{"@id":"https:\/\/cafeycorcheas.es\/wp-content\/uploads\/2025\/11\/solo-logo-1.svg"},"sameAs":["https:\/\/cafeycorcheas.es"],"url":"https:\/\/cafeycorcheas.es\/?author=1"}]}},"_links":{"self":[{"href":"https:\/\/cafeycorcheas.es\/index.php?rest_route=\/wp\/v2\/posts\/2283","targetHints":{"allow":["GET"]}}],"collection":[{"href":"https:\/\/cafeycorcheas.es\/index.php?rest_route=\/wp\/v2\/posts"}],"about":[{"href":"https:\/\/cafeycorcheas.es\/index.php?rest_route=\/wp\/v2\/types\/post"}],"author":[{"embeddable":true,"href":"https:\/\/cafeycorcheas.es\/index.php?rest_route=\/wp\/v2\/users\/1"}],"replies":[{"embeddable":true,"href":"https:\/\/cafeycorcheas.es\/index.php?rest_route=%2Fwp%2Fv2%2Fcomments&post=2283"}],"version-history":[{"count":6,"href":"https:\/\/cafeycorcheas.es\/index.php?rest_route=\/wp\/v2\/posts\/2283\/revisions"}],"predecessor-version":[{"id":2292,"href":"https:\/\/cafeycorcheas.es\/index.php?rest_route=\/wp\/v2\/posts\/2283\/revisions\/2292"}],"wp:featuredmedia":[{"embeddable":true,"href":"https:\/\/cafeycorcheas.es\/index.php?rest_route=\/wp\/v2\/media\/2284"}],"wp:attachment":[{"href":"https:\/\/cafeycorcheas.es\/index.php?rest_route=%2Fwp%2Fv2%2Fmedia&parent=2283"}],"wp:term":[{"taxonomy":"category","embeddable":true,"href":"https:\/\/cafeycorcheas.es\/index.php?rest_route=%2Fwp%2Fv2%2Fcategories&post=2283"},{"taxonomy":"post_tag","embeddable":true,"href":"https:\/\/cafeycorcheas.es\/index.php?rest_route=%2Fwp%2Fv2%2Ftags&post=2283"}],"curies":[{"name":"wp","href":"https:\/\/api.w.org\/{rel}","templated":true}]}}