{"id":2246,"date":"2025-11-16T04:48:11","date_gmt":"2025-11-16T03:48:11","guid":{"rendered":"https:\/\/cafeycorcheas.es\/?p=2246"},"modified":"2025-12-08T04:17:53","modified_gmt":"2025-12-08T03:17:53","slug":"pelea-de-gallos-con-peluca","status":"publish","type":"post","link":"https:\/\/cafeycorcheas.es\/?p=2246","title":{"rendered":"Pelea de gallos con peluca"},"content":{"rendered":"\n<p class=\"wp-block-paragraph\"><strong>(<em>Batalla freestyle Mozart vs Clementi. Viena, nochebuena de 1781<\/em>)<\/strong><br><\/p>\n\n\n\n<p class=\"wp-block-paragraph\">Imagina Viena en la Nochebuena de 1781: una postal perfecta. Las calles cubiertas por un manto de nieve, el humo de las estufas escapando de las casas y un ambiente cargado de un esp\u00edritu a la vez festivo y conspirador. El emperador Jos\u00e9 II, mel\u00f3mano y con debilidad por el entretenimiento cortesano de alto voltaje, tuvo una ocurrencia digna de un reality show: convocar un duelo de m\u00fasicos.<\/p>\n\n\n\n<p class=\"wp-block-paragraph\">Los contendientes: Muzio Clementi, virtuoso italiano de paso por la ciudad, conocido como el \u00abterror de los teclados\u00bb, y Wolfgang Amadeus Mozart, la estrella local, que ya hac\u00eda malabares con las fusas y con las deudas. Ninguno de los dos conoc\u00eda el plan completo; fueron citados por separado. El emperador quer\u00eda espect\u00e1culo\u2026 lo que en la pr\u00e1ctica significaba enfrentar a dos gallos, pero con pelucas empolvadas.<\/p>\n\n\n\n<p class=\"wp-block-paragraph\"><strong>Clementi abre el fuego (y era artiller\u00eda pesada)<\/strong><br>Clementi, due\u00f1o de una t\u00e9cnica asombrosa y un dominio absoluto del teclado, inici\u00f3 la sesi\u00f3n con su Sonata en Si bemol mayor (Op. 24 n\u00ba 2). Fue un despliegue de fuerza: pasajes rapid\u00edsimos, saltos de octava y cruces de manos. Su mensaje era claro: \u201cYo controlo el teclado a la velocidad de la luz. \u00bfQui\u00e9n se atreve ahora?\u201d<\/p>\n\n\n\n<p class=\"wp-block-paragraph\">La corte qued\u00f3 admirada. Mozart, sentado con una sonrisa torcida y ceja arqueada al m\u00e1s puro estilo Ancelotti, tomaba nota. Cuando Clementi termin\u00f3, el p\u00fablico esperaba la sangre.<\/p>\n\n\n\n<p class=\"wp-block-paragraph\"><strong>Primera bofetada: una canci\u00f3n infantil<\/strong><br>Mozart se acerca al clave con una torpeza fingida, como si no supiera tocar. Sus dedos rozan las teclas con delicadeza. Y entonces, suena la melod\u00eda francesa: \u201cAh! vous dirai-je, maman\u201d \u2014el inocente \u201cCampanitas del lugar\u201d\u2014 tocado con un solo dedo, arrastrando la sonrisa de todos hacia la incredulidad.<\/p>\n\n\n\n<p class=\"wp-block-paragraph\">Era insolencia pura. Frente a la t\u00e9cnica demoledora de Clementi, Mozart respond\u00eda con humor y audacia: \u201c\u00bfYa presumiste de m\u00fasculo? Ahora mira c\u00f3mo un temita tan simple puede humillarte\u201d. La sala se queda muda. Nadie entiende todav\u00eda lo que est\u00e1 por venir.<\/p>\n\n\n\n<p class=\"wp-block-paragraph\"><strong>El freestyle que humill\u00f3 al virtuoso<\/strong><br>Lo que sigui\u00f3 fue pura magia. Mozart tom\u00f3 esa melod\u00eda trivial y la someti\u00f3 a unas variaciones en tiempo real: trinos, desarrollo de fragmentos, contrapuntos, pasajes l\u00edricos, grotescos, elegantes. Cada variaci\u00f3n crece en intensidad, un torrente imparable. La melod\u00eda infantil se convierte en un hurac\u00e1n creativo. La corte observa boquiabierta c\u00f3mo Mozart convierte lo trivial en \u00e9pico, el virtuosismo en alma. Clementi, por un instante, parece contemplar lo imposible. Frente a la corte, Mozart puso en evidencia la diferencia entre t\u00e9cnica y genialidad.<\/p>\n\n\n\n<p class=\"wp-block-paragraph\"><strong>El emperador sentencia: la diplomacia<\/strong><br>Jos\u00e9 II, que no quer\u00eda un derramamiento cultural de sangre en plena Navidad, declar\u00f3 un empate y dio por cerrada la velada. Pero el olor a victoria mozartiana era evidente.<\/p>\n\n\n\n<p class=\"wp-block-paragraph\">Clementi, m\u00fasico brillante y cuyo orgullo era menor que su amor por la m\u00fasica, recordaba aquella noche de forma casi m\u00edstica. Siempre reconoci\u00f3 que su victoria fue ser testigo del milagro y la genialidad de Mozart.<\/p>\n\n\n\n<p class=\"wp-block-paragraph\"><strong>La segunda bofetada: La flauta m\u00e1gica<\/strong><br>El episodio termin\u00f3, pero lo mejor estaba por llegar. Mozart guard\u00f3 en la memoria los primeros tres compases de la sonata de Clementi, y alg\u00fan m\u00ednimo fraseo interior. Diez a\u00f1os despu\u00e9s, en 1791, al escribir la obertura de <em>La flauta m\u00e1gica<\/em>, esos ecos reaparecieron.<\/p>\n\n\n\n<p class=\"wp-block-paragraph\">Tom\u00f3 aquel breve motivo y su creatividad desbordante lo expuso, lo fug\u00f3, lo reexpuso, lo modul\u00f3\u2026 y convirti\u00f3 esos tres segundos en un monumento musical. No sabemos si fue un homenaje o una forma sutil de decir: \u201cGracias por la melod\u00eda, ahora mira las posibilidades reales que tu m\u00fasica ten\u00eda.\u201d<\/p>\n\n\n\n<p class=\"wp-block-paragraph\">Cuando Clementi descubri\u00f3 \u201csu\u201d motivo en la obertura, probablemente se enfad\u00f3. Reedit\u00f3 su sonata con una nota aclaratoria: \u00abEsta sonata, junto con la toccata que la sigue, fue interpretada por el autor ante Su Majestad Jos\u00e9 II en 1781; estando presente Mozart\u00bb. Era su mensaje al mundo queriendo decir: \u201cGracias por el homenaje, Wolfgang, pero que nadie me confunda con un plagiador.\u201d<\/p>\n\n\n\n<p class=\"wp-block-paragraph\">La realidad es que Clementi siempre describi\u00f3 la experiencia con fascinaci\u00f3n. Hab\u00eda visto algo que no se explicaba con t\u00e9cnica: hab\u00eda sido testigo en aquel duelo de un aut\u00e9ntico don divino.<\/p>\n\n\n\n<p class=\"wp-block-paragraph\">Mientras tanto, Mozart, no tan elegante porque nunca tuvo filtros, hab\u00eda escrito en una carta a su familia: la exhibici\u00f3n de Clementi fue \u201cmec\u00e1nica\u201d; dedos prodigiosos, s\u00ed, pero sin alma.<br><br>No s\u00e9 si Clementi \u2014quiero creer que s\u00ed\u2014, fue en el fondo del todo consciente de que aquellos tres compases suyos, que Mozart desarroll\u00f3 de manera magistral en la obertura de <em>La flauta m\u00e1gica<\/em>, y que convirti\u00f3 en una aut\u00e9ntica catedral sonora, le han permitido ocupar un lugar en la historia, aunque aquel d\u00eda terminara desplumado.<br><br>Comparto un v\u00eddeo propio: est\u00e1 editado con los compases de la discordia y la obertura de \u00abLa flauta m\u00e1gica\u00bb. Como siempre, se disfruta en el tiempo de un caf\u00e9.<br><a href=\"https:\/\/youtu.be\/J99OddaNuTI\">https:\/\/youtu.be\/J99OddaNuTI<\/a><br><br>\u2500\u2500<br>Nota al pie: Mozart public\u00f3 en 1785 sus \u00ab12 variaciones sobre: Ah, vous dirai-je, maman\u00bb KV 265. Los investigadores no se ponen de acuerdo si fue compuesto con anterioridad al duelo con Clementi o despu\u00e9s. Aunque parece que hay m\u00e1s motivos para creer en que fue posterior a aquella cita. En la \u00faltima variaci\u00f3n, explosiva y brillante, nos podemos hacer una idea de lo que pudo haber ocurrido en aquella sala. <br><a href=\"https:\/\/www.youtube.com\/watch?v=NO-ecxHEPqI\" target=\"_blank\" rel=\"noreferrer noopener\">https:\/\/www.youtube.com\/watch?v=NO-ecxHEPqI<\/a><\/p>\n\n\n\n<p class=\"wp-block-paragraph\"><\/p>\n","protected":false},"excerpt":{"rendered":"<p>(Batalla freestyle Mozart vs Clementi. Viena, nochebuena de 1781) Imagina Viena en la Nochebuena de 1781: una postal perfecta. Las calles cubiertas por un manto de nieve, el humo de las estufas escapando de las casas y un ambiente cargado de un esp\u00edritu a la vez festivo y conspirador. El emperador Jos\u00e9 II, mel\u00f3mano y [&hellip;]<\/p>\n","protected":false},"author":1,"featured_media":2250,"comment_status":"open","ping_status":"open","sticky":false,"template":"","format":"standard","meta":{"footnotes":""},"categories":[43],"tags":[],"class_list":["post-2246","post","type-post","status-publish","format-standard","has-post-thumbnail","hentry","category-anecdotas"],"yoast_head":"<!-- This site is optimized with the Yoast SEO plugin v28.3 - https:\/\/yoast.com\/product\/yoast-seo-wordpress\/ -->\n<title>Pelea de gallos con peluca - Caf\u00e9 &amp; corcheas<\/title>\n<meta name=\"robots\" content=\"index, follow, max-snippet:-1, max-image-preview:large, max-video-preview:-1\" \/>\n<link rel=\"canonical\" href=\"https:\/\/cafeycorcheas.es\/?p=2246\" \/>\n<meta property=\"og:locale\" content=\"es_ES\" \/>\n<meta property=\"og:type\" content=\"article\" \/>\n<meta property=\"og:title\" content=\"Pelea de gallos con peluca - Caf\u00e9 &amp; corcheas\" \/>\n<meta property=\"og:description\" content=\"(Batalla freestyle Mozart vs Clementi. Viena, nochebuena de 1781) Imagina Viena en la Nochebuena de 1781: una postal perfecta. Las calles cubiertas por un manto de nieve, el humo de las estufas escapando de las casas y un ambiente cargado de un esp\u00edritu a la vez festivo y conspirador. El emperador Jos\u00e9 II, mel\u00f3mano y [&hellip;]\" \/>\n<meta property=\"og:url\" content=\"https:\/\/cafeycorcheas.es\/?p=2246\" \/>\n<meta property=\"og:site_name\" content=\"Caf\u00e9 &amp; corcheas\" \/>\n<meta property=\"article:published_time\" content=\"2025-11-16T03:48:11+00:00\" \/>\n<meta property=\"article:modified_time\" content=\"2025-12-08T03:17:53+00:00\" \/>\n<meta property=\"og:image\" content=\"https:\/\/cafeycorcheas.es\/wp-content\/uploads\/2025\/11\/images-1.jpg\" \/>\n\t<meta property=\"og:image:width\" content=\"318\" \/>\n\t<meta property=\"og:image:height\" content=\"159\" \/>\n\t<meta property=\"og:image:type\" content=\"image\/jpeg\" \/>\n<meta name=\"author\" content=\"Enrique Goberna\" \/>\n<meta name=\"twitter:card\" content=\"summary_large_image\" \/>\n<meta name=\"twitter:label1\" content=\"Escrito por\" \/>\n\t<meta name=\"twitter:data1\" content=\"Enrique Goberna\" \/>\n\t<meta name=\"twitter:label2\" content=\"Tiempo de lectura\" \/>\n\t<meta name=\"twitter:data2\" content=\"5 minutos\" \/>\n<script type=\"application\/ld+json\" class=\"yoast-schema-graph\">{\"@context\":\"https:\\\/\\\/schema.org\",\"@graph\":[{\"@type\":\"Article\",\"@id\":\"https:\\\/\\\/cafeycorcheas.es\\\/?p=2246#article\",\"isPartOf\":{\"@id\":\"https:\\\/\\\/cafeycorcheas.es\\\/?p=2246\"},\"author\":{\"name\":\"Enrique Goberna\",\"@id\":\"https:\\\/\\\/cafeycorcheas.es\\\/#\\\/schema\\\/person\\\/8775a327ca0a5000474d24d409e8f854\"},\"headline\":\"Pelea de gallos con peluca\",\"datePublished\":\"2025-11-16T03:48:11+00:00\",\"dateModified\":\"2025-12-08T03:17:53+00:00\",\"mainEntityOfPage\":{\"@id\":\"https:\\\/\\\/cafeycorcheas.es\\\/?p=2246\"},\"wordCount\":939,\"commentCount\":0,\"publisher\":{\"@id\":\"https:\\\/\\\/cafeycorcheas.es\\\/#\\\/schema\\\/person\\\/8775a327ca0a5000474d24d409e8f854\"},\"image\":{\"@id\":\"https:\\\/\\\/cafeycorcheas.es\\\/?p=2246#primaryimage\"},\"thumbnailUrl\":\"https:\\\/\\\/cafeycorcheas.es\\\/wp-content\\\/uploads\\\/2025\\\/11\\\/images-1.jpg\",\"articleSection\":[\"AN\u00c9CDOTAS\"],\"inLanguage\":\"es\",\"potentialAction\":[{\"@type\":\"CommentAction\",\"name\":\"Comment\",\"target\":[\"https:\\\/\\\/cafeycorcheas.es\\\/?p=2246#respond\"]}]},{\"@type\":\"WebPage\",\"@id\":\"https:\\\/\\\/cafeycorcheas.es\\\/?p=2246\",\"url\":\"https:\\\/\\\/cafeycorcheas.es\\\/?p=2246\",\"name\":\"Pelea de gallos con peluca - Caf\u00e9 &amp; corcheas\",\"isPartOf\":{\"@id\":\"https:\\\/\\\/cafeycorcheas.es\\\/#website\"},\"primaryImageOfPage\":{\"@id\":\"https:\\\/\\\/cafeycorcheas.es\\\/?p=2246#primaryimage\"},\"image\":{\"@id\":\"https:\\\/\\\/cafeycorcheas.es\\\/?p=2246#primaryimage\"},\"thumbnailUrl\":\"https:\\\/\\\/cafeycorcheas.es\\\/wp-content\\\/uploads\\\/2025\\\/11\\\/images-1.jpg\",\"datePublished\":\"2025-11-16T03:48:11+00:00\",\"dateModified\":\"2025-12-08T03:17:53+00:00\",\"breadcrumb\":{\"@id\":\"https:\\\/\\\/cafeycorcheas.es\\\/?p=2246#breadcrumb\"},\"inLanguage\":\"es\",\"potentialAction\":[{\"@type\":\"ReadAction\",\"target\":[\"https:\\\/\\\/cafeycorcheas.es\\\/?p=2246\"]}]},{\"@type\":\"ImageObject\",\"inLanguage\":\"es\",\"@id\":\"https:\\\/\\\/cafeycorcheas.es\\\/?p=2246#primaryimage\",\"url\":\"https:\\\/\\\/cafeycorcheas.es\\\/wp-content\\\/uploads\\\/2025\\\/11\\\/images-1.jpg\",\"contentUrl\":\"https:\\\/\\\/cafeycorcheas.es\\\/wp-content\\\/uploads\\\/2025\\\/11\\\/images-1.jpg\",\"width\":318,\"height\":159},{\"@type\":\"BreadcrumbList\",\"@id\":\"https:\\\/\\\/cafeycorcheas.es\\\/?p=2246#breadcrumb\",\"itemListElement\":[{\"@type\":\"ListItem\",\"position\":1,\"name\":\"Portada\",\"item\":\"https:\\\/\\\/cafeycorcheas.es\\\/\"},{\"@type\":\"ListItem\",\"position\":2,\"name\":\"Pelea de gallos con peluca\"}]},{\"@type\":\"WebSite\",\"@id\":\"https:\\\/\\\/cafeycorcheas.es\\\/#website\",\"url\":\"https:\\\/\\\/cafeycorcheas.es\\\/\",\"name\":\"Caf\u00e9 & corcheas\",\"description\":\"Blog de m\u00fasica cl\u00e1sica. Si alguna vez pensaste que no entiendes de m\u00fasica es probablemente porque nadie te la explic\u00f3 bien. Exploraremos sinfon\u00edas, conciertos y partituras con humor, curiosidad y cierta insolencia. Si tienes orejas eres bienvenido.\",\"publisher\":{\"@id\":\"https:\\\/\\\/cafeycorcheas.es\\\/#\\\/schema\\\/person\\\/8775a327ca0a5000474d24d409e8f854\"},\"alternateName\":\"Caf\u00e9 & Corcheas - M\u00fasica Cl\u00e1sica, An\u00e1lisis Musical y An\u00e9cdotas.\",\"potentialAction\":[{\"@type\":\"SearchAction\",\"target\":{\"@type\":\"EntryPoint\",\"urlTemplate\":\"https:\\\/\\\/cafeycorcheas.es\\\/?s={search_term_string}\"},\"query-input\":{\"@type\":\"PropertyValueSpecification\",\"valueRequired\":true,\"valueName\":\"search_term_string\"}}],\"inLanguage\":\"es\"},{\"@type\":[\"Person\",\"Organization\"],\"@id\":\"https:\\\/\\\/cafeycorcheas.es\\\/#\\\/schema\\\/person\\\/8775a327ca0a5000474d24d409e8f854\",\"name\":\"Enrique Goberna\",\"image\":{\"@type\":\"ImageObject\",\"inLanguage\":\"es\",\"@id\":\"https:\\\/\\\/cafeycorcheas.es\\\/wp-content\\\/uploads\\\/2025\\\/11\\\/solo-logo-1.svg\",\"url\":\"https:\\\/\\\/cafeycorcheas.es\\\/wp-content\\\/uploads\\\/2025\\\/11\\\/solo-logo-1.svg\",\"contentUrl\":\"https:\\\/\\\/cafeycorcheas.es\\\/wp-content\\\/uploads\\\/2025\\\/11\\\/solo-logo-1.svg\",\"width\":100,\"height\":70,\"caption\":\"Enrique Goberna\"},\"logo\":{\"@id\":\"https:\\\/\\\/cafeycorcheas.es\\\/wp-content\\\/uploads\\\/2025\\\/11\\\/solo-logo-1.svg\"},\"sameAs\":[\"https:\\\/\\\/cafeycorcheas.es\"],\"url\":\"https:\\\/\\\/cafeycorcheas.es\\\/?author=1\"}]}<\/script>\n<!-- \/ Yoast SEO plugin. -->","yoast_head_json":{"title":"Pelea de gallos con peluca - Caf\u00e9 &amp; corcheas","robots":{"index":"index","follow":"follow","max-snippet":"max-snippet:-1","max-image-preview":"max-image-preview:large","max-video-preview":"max-video-preview:-1"},"canonical":"https:\/\/cafeycorcheas.es\/?p=2246","og_locale":"es_ES","og_type":"article","og_title":"Pelea de gallos con peluca - Caf\u00e9 &amp; corcheas","og_description":"(Batalla freestyle Mozart vs Clementi. Viena, nochebuena de 1781) Imagina Viena en la Nochebuena de 1781: una postal perfecta. Las calles cubiertas por un manto de nieve, el humo de las estufas escapando de las casas y un ambiente cargado de un esp\u00edritu a la vez festivo y conspirador. El emperador Jos\u00e9 II, mel\u00f3mano y [&hellip;]","og_url":"https:\/\/cafeycorcheas.es\/?p=2246","og_site_name":"Caf\u00e9 &amp; corcheas","article_published_time":"2025-11-16T03:48:11+00:00","article_modified_time":"2025-12-08T03:17:53+00:00","og_image":[{"width":318,"height":159,"url":"https:\/\/cafeycorcheas.es\/wp-content\/uploads\/2025\/11\/images-1.jpg","type":"image\/jpeg"}],"author":"Enrique Goberna","twitter_card":"summary_large_image","twitter_misc":{"Escrito por":"Enrique Goberna","Tiempo de lectura":"5 minutos"},"schema":{"@context":"https:\/\/schema.org","@graph":[{"@type":"Article","@id":"https:\/\/cafeycorcheas.es\/?p=2246#article","isPartOf":{"@id":"https:\/\/cafeycorcheas.es\/?p=2246"},"author":{"name":"Enrique Goberna","@id":"https:\/\/cafeycorcheas.es\/#\/schema\/person\/8775a327ca0a5000474d24d409e8f854"},"headline":"Pelea de gallos con peluca","datePublished":"2025-11-16T03:48:11+00:00","dateModified":"2025-12-08T03:17:53+00:00","mainEntityOfPage":{"@id":"https:\/\/cafeycorcheas.es\/?p=2246"},"wordCount":939,"commentCount":0,"publisher":{"@id":"https:\/\/cafeycorcheas.es\/#\/schema\/person\/8775a327ca0a5000474d24d409e8f854"},"image":{"@id":"https:\/\/cafeycorcheas.es\/?p=2246#primaryimage"},"thumbnailUrl":"https:\/\/cafeycorcheas.es\/wp-content\/uploads\/2025\/11\/images-1.jpg","articleSection":["AN\u00c9CDOTAS"],"inLanguage":"es","potentialAction":[{"@type":"CommentAction","name":"Comment","target":["https:\/\/cafeycorcheas.es\/?p=2246#respond"]}]},{"@type":"WebPage","@id":"https:\/\/cafeycorcheas.es\/?p=2246","url":"https:\/\/cafeycorcheas.es\/?p=2246","name":"Pelea de gallos con peluca - Caf\u00e9 &amp; corcheas","isPartOf":{"@id":"https:\/\/cafeycorcheas.es\/#website"},"primaryImageOfPage":{"@id":"https:\/\/cafeycorcheas.es\/?p=2246#primaryimage"},"image":{"@id":"https:\/\/cafeycorcheas.es\/?p=2246#primaryimage"},"thumbnailUrl":"https:\/\/cafeycorcheas.es\/wp-content\/uploads\/2025\/11\/images-1.jpg","datePublished":"2025-11-16T03:48:11+00:00","dateModified":"2025-12-08T03:17:53+00:00","breadcrumb":{"@id":"https:\/\/cafeycorcheas.es\/?p=2246#breadcrumb"},"inLanguage":"es","potentialAction":[{"@type":"ReadAction","target":["https:\/\/cafeycorcheas.es\/?p=2246"]}]},{"@type":"ImageObject","inLanguage":"es","@id":"https:\/\/cafeycorcheas.es\/?p=2246#primaryimage","url":"https:\/\/cafeycorcheas.es\/wp-content\/uploads\/2025\/11\/images-1.jpg","contentUrl":"https:\/\/cafeycorcheas.es\/wp-content\/uploads\/2025\/11\/images-1.jpg","width":318,"height":159},{"@type":"BreadcrumbList","@id":"https:\/\/cafeycorcheas.es\/?p=2246#breadcrumb","itemListElement":[{"@type":"ListItem","position":1,"name":"Portada","item":"https:\/\/cafeycorcheas.es\/"},{"@type":"ListItem","position":2,"name":"Pelea de gallos con peluca"}]},{"@type":"WebSite","@id":"https:\/\/cafeycorcheas.es\/#website","url":"https:\/\/cafeycorcheas.es\/","name":"Caf\u00e9 & corcheas","description":"Blog de m\u00fasica cl\u00e1sica. Si alguna vez pensaste que no entiendes de m\u00fasica es probablemente porque nadie te la explic\u00f3 bien. Exploraremos sinfon\u00edas, conciertos y partituras con humor, curiosidad y cierta insolencia. Si tienes orejas eres bienvenido.","publisher":{"@id":"https:\/\/cafeycorcheas.es\/#\/schema\/person\/8775a327ca0a5000474d24d409e8f854"},"alternateName":"Caf\u00e9 & Corcheas - M\u00fasica Cl\u00e1sica, An\u00e1lisis Musical y An\u00e9cdotas.","potentialAction":[{"@type":"SearchAction","target":{"@type":"EntryPoint","urlTemplate":"https:\/\/cafeycorcheas.es\/?s={search_term_string}"},"query-input":{"@type":"PropertyValueSpecification","valueRequired":true,"valueName":"search_term_string"}}],"inLanguage":"es"},{"@type":["Person","Organization"],"@id":"https:\/\/cafeycorcheas.es\/#\/schema\/person\/8775a327ca0a5000474d24d409e8f854","name":"Enrique Goberna","image":{"@type":"ImageObject","inLanguage":"es","@id":"https:\/\/cafeycorcheas.es\/wp-content\/uploads\/2025\/11\/solo-logo-1.svg","url":"https:\/\/cafeycorcheas.es\/wp-content\/uploads\/2025\/11\/solo-logo-1.svg","contentUrl":"https:\/\/cafeycorcheas.es\/wp-content\/uploads\/2025\/11\/solo-logo-1.svg","width":100,"height":70,"caption":"Enrique Goberna"},"logo":{"@id":"https:\/\/cafeycorcheas.es\/wp-content\/uploads\/2025\/11\/solo-logo-1.svg"},"sameAs":["https:\/\/cafeycorcheas.es"],"url":"https:\/\/cafeycorcheas.es\/?author=1"}]}},"_links":{"self":[{"href":"https:\/\/cafeycorcheas.es\/index.php?rest_route=\/wp\/v2\/posts\/2246","targetHints":{"allow":["GET"]}}],"collection":[{"href":"https:\/\/cafeycorcheas.es\/index.php?rest_route=\/wp\/v2\/posts"}],"about":[{"href":"https:\/\/cafeycorcheas.es\/index.php?rest_route=\/wp\/v2\/types\/post"}],"author":[{"embeddable":true,"href":"https:\/\/cafeycorcheas.es\/index.php?rest_route=\/wp\/v2\/users\/1"}],"replies":[{"embeddable":true,"href":"https:\/\/cafeycorcheas.es\/index.php?rest_route=%2Fwp%2Fv2%2Fcomments&post=2246"}],"version-history":[{"count":15,"href":"https:\/\/cafeycorcheas.es\/index.php?rest_route=\/wp\/v2\/posts\/2246\/revisions"}],"predecessor-version":[{"id":2266,"href":"https:\/\/cafeycorcheas.es\/index.php?rest_route=\/wp\/v2\/posts\/2246\/revisions\/2266"}],"wp:featuredmedia":[{"embeddable":true,"href":"https:\/\/cafeycorcheas.es\/index.php?rest_route=\/wp\/v2\/media\/2250"}],"wp:attachment":[{"href":"https:\/\/cafeycorcheas.es\/index.php?rest_route=%2Fwp%2Fv2%2Fmedia&parent=2246"}],"wp:term":[{"taxonomy":"category","embeddable":true,"href":"https:\/\/cafeycorcheas.es\/index.php?rest_route=%2Fwp%2Fv2%2Fcategories&post=2246"},{"taxonomy":"post_tag","embeddable":true,"href":"https:\/\/cafeycorcheas.es\/index.php?rest_route=%2Fwp%2Fv2%2Ftags&post=2246"}],"curies":[{"name":"wp","href":"https:\/\/api.w.org\/{rel}","templated":true}]}}