{"id":2239,"date":"2025-11-13T00:26:26","date_gmt":"2025-11-12T23:26:26","guid":{"rendered":"https:\/\/cafeycorcheas.es\/?p=2239"},"modified":"2025-12-08T04:22:21","modified_gmt":"2025-12-08T03:22:21","slug":"componer-para-no-morir-del-todo","status":"publish","type":"post","link":"https:\/\/cafeycorcheas.es\/?p=2239","title":{"rendered":"Componer para no morir del todo"},"content":{"rendered":"\n<p class=\"wp-block-paragraph\">Las \u00faltimas semanas de vida de aquel muchacho, consumido por la tuberculosis, las pas\u00f3 componiendo un encargo de la Cofrad\u00eda de los Caballeros de la Virgen de los Dolores de N\u00e1poles. Deb\u00eda entregarlo para el Viernes de Dolores de 1736. La obra se termin\u00f3 justo a tiempo, pero su autor ya hab\u00eda muerto antes del estreno.<\/p>\n\n\n\n<p class=\"wp-block-paragraph\">En sus \u00faltimos d\u00edas, Giovanni Battista Pergolesi trabajaba recluido en un convento franciscano de Pozzuoli, a donde lo hab\u00edan enviado para aliviar su enfermedad. Sab\u00eda que el final estaba cerca: ten\u00eda solo 26 a\u00f1os, pero la tuberculosis se hab\u00eda apoderado de \u00e9l. Aun as\u00ed, sigui\u00f3 componiendo con una mezcla de resignaci\u00f3n y deber. Hab\u00eda cobrado por la obra, y sent\u00eda la responsabilidad moral de cumplir con su compromiso, aunque le costara los \u00faltimos d\u00edas de vida.<\/p>\n\n\n\n<p class=\"wp-block-paragraph\">Desde ni\u00f1o hab\u00eda tenido una salud fr\u00e1gil que le acompa\u00f1\u00f3 siempre. Su cuerpo era d\u00e9bil, pero su o\u00eddo y su sensibilidad musical parec\u00edan infinitos. Nacido en 1710 y formado en N\u00e1poles, Pergolesi fue uno de los talentos m\u00e1s brillantes de la escuela napolitana. En apenas unos a\u00f1os dej\u00f3 tras de s\u00ed \u00f3peras, m\u00fasica de c\u00e1mara y obras sacras que marcaron una transici\u00f3n entre el barroco y el clasicismo. Su breve carrera bast\u00f3 para convertirlo en una figura de culto.<\/p>\n\n\n\n<p class=\"wp-block-paragraph\">El <em>Stabat Mater<\/em> fue su \u00faltima obra. Su m\u00fasica, escrita para dos voces \u2014soprano y contralto\u2014 y un peque\u00f1o conjunto instrumental, sorprendi\u00f3 por su claridad, por su ternura contenida y por esa sencillez que solo alcanzan los que ya no tienen tiempo para adornos.<\/p>\n\n\n\n<p class=\"wp-block-paragraph\">El estudio de su manuscrito revela la urgencia con que fue escrita: pentagramas apresurados, errores de copia y un cierto desorden que delata la prisa de quien escribe sabiendo que el tiempo se le acaba. Al pie de la \u00faltima p\u00e1gina traz\u00f3 con letra temblorosa: <em>\u00abFinis Laus Deo\u00bb<\/em> \u2014\u201cFin, loado sea Dios\u201d\u2014, como si agradeciera no la obra, sino el simple hecho de haberla podido concluir.<\/p>\n\n\n\n<p class=\"wp-block-paragraph\">El <em>Stabat Mater<\/em> se estren\u00f3 en N\u00e1poles el <strong>16 de abril de 1736<\/strong>, Viernes de Dolores, en la iglesia de San Luigi di Palazzo. Pergolesi hab\u00eda muerto un mes antes, el 16 de marzo. No lleg\u00f3 a escuchar su m\u00fasica, pero su nombre comenz\u00f3 entonces a resonar por toda Europa. Su obra se copi\u00f3, se adapt\u00f3, se vener\u00f3: incluso Johann Sebastian Bach, conmovido por su belleza, hizo su propia versi\u00f3n en alem\u00e1n, <em>Tilge, H\u00f6chster, meine S\u00fcnden<\/em> (BWV 1083).<\/p>\n\n\n\n<p class=\"wp-block-paragraph\">El joven que tem\u00eda no llegar a tiempo termin\u00f3 componiendo una de las p\u00e1ginas m\u00e1s conmovedoras del siglo XVIII. Una obra escrita a la sombra de la muerte, pero destinada a la inmortalidad.<\/p>\n\n\n\n<p class=\"wp-block-paragraph\">Pergolesi no sobrevivi\u00f3 a su estreno, pero su m\u00fasica s\u00ed: cada Viernes de Dolores, su <em>Stabat Mater<\/em> vuelve a sonar, recordando que <strong>componer es, a veces, la \u00fanica manera de no morir del todo.<\/strong><\/p>\n\n\n\n<p class=\"wp-block-paragraph\"><strong><em>Stabat mater dolorosa<\/em><br><em>Iuxta crucem lacrimosa,<\/em><br><em>Dum pendebat filius.<\/em><\/strong><\/p>\n\n\n\n<p class=\"wp-block-paragraph\">Estaba la Madre dolorosa,<br>llorosa junto a la cruz<br>de la que pend\u00eda su Hijo.<br><br><a href=\"https:\/\/www.youtube.com\/watch?v=BTHwodbnTrs\" target=\"_blank\" rel=\"noreferrer noopener\">https:\/\/www.youtube.com\/watch?v=BTHwodbnTrs<\/a><\/p>\n","protected":false},"excerpt":{"rendered":"<p>Las \u00faltimas semanas de vida de aquel muchacho, consumido por la tuberculosis, las pas\u00f3 componiendo un encargo de la Cofrad\u00eda de los Caballeros de la Virgen de los Dolores de N\u00e1poles. Deb\u00eda entregarlo para el Viernes de Dolores de 1736. La obra se termin\u00f3 justo a tiempo, pero su autor ya hab\u00eda muerto antes del [&hellip;]<\/p>\n","protected":false},"author":1,"featured_media":2240,"comment_status":"open","ping_status":"open","sticky":false,"template":"","format":"standard","meta":{"footnotes":""},"categories":[3],"tags":[],"class_list":["post-2239","post","type-post","status-publish","format-standard","has-post-thumbnail","hentry","category-general"],"yoast_head":"<!-- This site is optimized with the Yoast SEO plugin v28.3 - https:\/\/yoast.com\/product\/yoast-seo-wordpress\/ -->\n<title>Componer para no morir del todo - Caf\u00e9 &amp; corcheas<\/title>\n<meta name=\"robots\" content=\"index, follow, max-snippet:-1, max-image-preview:large, max-video-preview:-1\" \/>\n<link rel=\"canonical\" href=\"https:\/\/cafeycorcheas.es\/?p=2239\" \/>\n<meta property=\"og:locale\" content=\"es_ES\" \/>\n<meta property=\"og:type\" content=\"article\" \/>\n<meta property=\"og:title\" content=\"Componer para no morir del todo - Caf\u00e9 &amp; corcheas\" \/>\n<meta property=\"og:description\" content=\"Las \u00faltimas semanas de vida de aquel muchacho, consumido por la tuberculosis, las pas\u00f3 componiendo un encargo de la Cofrad\u00eda de los Caballeros de la Virgen de los Dolores de N\u00e1poles. Deb\u00eda entregarlo para el Viernes de Dolores de 1736. La obra se termin\u00f3 justo a tiempo, pero su autor ya hab\u00eda muerto antes del [&hellip;]\" \/>\n<meta property=\"og:url\" content=\"https:\/\/cafeycorcheas.es\/?p=2239\" \/>\n<meta property=\"og:site_name\" content=\"Caf\u00e9 &amp; corcheas\" \/>\n<meta property=\"article:published_time\" content=\"2025-11-12T23:26:26+00:00\" \/>\n<meta property=\"article:modified_time\" content=\"2025-12-08T03:22:21+00:00\" \/>\n<meta property=\"og:image\" content=\"https:\/\/cafeycorcheas.es\/wp-content\/uploads\/2025\/11\/the-pieta-7558335-01-scaled-1.jpeg\" \/>\n\t<meta property=\"og:image:width\" content=\"2560\" \/>\n\t<meta property=\"og:image:height\" content=\"1707\" \/>\n\t<meta property=\"og:image:type\" content=\"image\/jpeg\" \/>\n<meta name=\"author\" content=\"Enrique Goberna\" \/>\n<meta name=\"twitter:card\" content=\"summary_large_image\" \/>\n<meta name=\"twitter:label1\" content=\"Escrito por\" \/>\n\t<meta name=\"twitter:data1\" content=\"Enrique Goberna\" \/>\n\t<meta name=\"twitter:label2\" content=\"Tiempo de lectura\" \/>\n\t<meta name=\"twitter:data2\" content=\"3 minutos\" \/>\n<script type=\"application\/ld+json\" class=\"yoast-schema-graph\">{\"@context\":\"https:\\\/\\\/schema.org\",\"@graph\":[{\"@type\":\"Article\",\"@id\":\"https:\\\/\\\/cafeycorcheas.es\\\/?p=2239#article\",\"isPartOf\":{\"@id\":\"https:\\\/\\\/cafeycorcheas.es\\\/?p=2239\"},\"author\":{\"name\":\"Enrique Goberna\",\"@id\":\"https:\\\/\\\/cafeycorcheas.es\\\/#\\\/schema\\\/person\\\/8775a327ca0a5000474d24d409e8f854\"},\"headline\":\"Componer para no morir del todo\",\"datePublished\":\"2025-11-12T23:26:26+00:00\",\"dateModified\":\"2025-12-08T03:22:21+00:00\",\"mainEntityOfPage\":{\"@id\":\"https:\\\/\\\/cafeycorcheas.es\\\/?p=2239\"},\"wordCount\":536,\"commentCount\":0,\"publisher\":{\"@id\":\"https:\\\/\\\/cafeycorcheas.es\\\/#\\\/schema\\\/person\\\/8775a327ca0a5000474d24d409e8f854\"},\"image\":{\"@id\":\"https:\\\/\\\/cafeycorcheas.es\\\/?p=2239#primaryimage\"},\"thumbnailUrl\":\"https:\\\/\\\/cafeycorcheas.es\\\/wp-content\\\/uploads\\\/2025\\\/11\\\/the-pieta-7558335-01-scaled-1.jpeg\",\"articleSection\":[\"General\"],\"inLanguage\":\"es\",\"potentialAction\":[{\"@type\":\"CommentAction\",\"name\":\"Comment\",\"target\":[\"https:\\\/\\\/cafeycorcheas.es\\\/?p=2239#respond\"]}]},{\"@type\":\"WebPage\",\"@id\":\"https:\\\/\\\/cafeycorcheas.es\\\/?p=2239\",\"url\":\"https:\\\/\\\/cafeycorcheas.es\\\/?p=2239\",\"name\":\"Componer para no morir del todo - Caf\u00e9 &amp; corcheas\",\"isPartOf\":{\"@id\":\"https:\\\/\\\/cafeycorcheas.es\\\/#website\"},\"primaryImageOfPage\":{\"@id\":\"https:\\\/\\\/cafeycorcheas.es\\\/?p=2239#primaryimage\"},\"image\":{\"@id\":\"https:\\\/\\\/cafeycorcheas.es\\\/?p=2239#primaryimage\"},\"thumbnailUrl\":\"https:\\\/\\\/cafeycorcheas.es\\\/wp-content\\\/uploads\\\/2025\\\/11\\\/the-pieta-7558335-01-scaled-1.jpeg\",\"datePublished\":\"2025-11-12T23:26:26+00:00\",\"dateModified\":\"2025-12-08T03:22:21+00:00\",\"breadcrumb\":{\"@id\":\"https:\\\/\\\/cafeycorcheas.es\\\/?p=2239#breadcrumb\"},\"inLanguage\":\"es\",\"potentialAction\":[{\"@type\":\"ReadAction\",\"target\":[\"https:\\\/\\\/cafeycorcheas.es\\\/?p=2239\"]}]},{\"@type\":\"ImageObject\",\"inLanguage\":\"es\",\"@id\":\"https:\\\/\\\/cafeycorcheas.es\\\/?p=2239#primaryimage\",\"url\":\"https:\\\/\\\/cafeycorcheas.es\\\/wp-content\\\/uploads\\\/2025\\\/11\\\/the-pieta-7558335-01-scaled-1.jpeg\",\"contentUrl\":\"https:\\\/\\\/cafeycorcheas.es\\\/wp-content\\\/uploads\\\/2025\\\/11\\\/the-pieta-7558335-01-scaled-1.jpeg\",\"width\":2560,\"height\":1707},{\"@type\":\"BreadcrumbList\",\"@id\":\"https:\\\/\\\/cafeycorcheas.es\\\/?p=2239#breadcrumb\",\"itemListElement\":[{\"@type\":\"ListItem\",\"position\":1,\"name\":\"Portada\",\"item\":\"https:\\\/\\\/cafeycorcheas.es\\\/\"},{\"@type\":\"ListItem\",\"position\":2,\"name\":\"Componer para no morir del todo\"}]},{\"@type\":\"WebSite\",\"@id\":\"https:\\\/\\\/cafeycorcheas.es\\\/#website\",\"url\":\"https:\\\/\\\/cafeycorcheas.es\\\/\",\"name\":\"Caf\u00e9 & corcheas\",\"description\":\"Blog de m\u00fasica cl\u00e1sica. Si alguna vez pensaste que no entiendes de m\u00fasica es probablemente porque nadie te la explic\u00f3 bien. Exploraremos sinfon\u00edas, conciertos y partituras con humor, curiosidad y cierta insolencia. Si tienes orejas eres bienvenido.\",\"publisher\":{\"@id\":\"https:\\\/\\\/cafeycorcheas.es\\\/#\\\/schema\\\/person\\\/8775a327ca0a5000474d24d409e8f854\"},\"alternateName\":\"Caf\u00e9 & Corcheas - M\u00fasica Cl\u00e1sica, An\u00e1lisis Musical y An\u00e9cdotas.\",\"potentialAction\":[{\"@type\":\"SearchAction\",\"target\":{\"@type\":\"EntryPoint\",\"urlTemplate\":\"https:\\\/\\\/cafeycorcheas.es\\\/?s={search_term_string}\"},\"query-input\":{\"@type\":\"PropertyValueSpecification\",\"valueRequired\":true,\"valueName\":\"search_term_string\"}}],\"inLanguage\":\"es\"},{\"@type\":[\"Person\",\"Organization\"],\"@id\":\"https:\\\/\\\/cafeycorcheas.es\\\/#\\\/schema\\\/person\\\/8775a327ca0a5000474d24d409e8f854\",\"name\":\"Enrique Goberna\",\"image\":{\"@type\":\"ImageObject\",\"inLanguage\":\"es\",\"@id\":\"https:\\\/\\\/cafeycorcheas.es\\\/wp-content\\\/uploads\\\/2025\\\/11\\\/solo-logo-1.svg\",\"url\":\"https:\\\/\\\/cafeycorcheas.es\\\/wp-content\\\/uploads\\\/2025\\\/11\\\/solo-logo-1.svg\",\"contentUrl\":\"https:\\\/\\\/cafeycorcheas.es\\\/wp-content\\\/uploads\\\/2025\\\/11\\\/solo-logo-1.svg\",\"width\":100,\"height\":70,\"caption\":\"Enrique Goberna\"},\"logo\":{\"@id\":\"https:\\\/\\\/cafeycorcheas.es\\\/wp-content\\\/uploads\\\/2025\\\/11\\\/solo-logo-1.svg\"},\"sameAs\":[\"https:\\\/\\\/cafeycorcheas.es\"],\"url\":\"https:\\\/\\\/cafeycorcheas.es\\\/?author=1\"}]}<\/script>\n<!-- \/ Yoast SEO plugin. -->","yoast_head_json":{"title":"Componer para no morir del todo - Caf\u00e9 &amp; corcheas","robots":{"index":"index","follow":"follow","max-snippet":"max-snippet:-1","max-image-preview":"max-image-preview:large","max-video-preview":"max-video-preview:-1"},"canonical":"https:\/\/cafeycorcheas.es\/?p=2239","og_locale":"es_ES","og_type":"article","og_title":"Componer para no morir del todo - Caf\u00e9 &amp; corcheas","og_description":"Las \u00faltimas semanas de vida de aquel muchacho, consumido por la tuberculosis, las pas\u00f3 componiendo un encargo de la Cofrad\u00eda de los Caballeros de la Virgen de los Dolores de N\u00e1poles. Deb\u00eda entregarlo para el Viernes de Dolores de 1736. La obra se termin\u00f3 justo a tiempo, pero su autor ya hab\u00eda muerto antes del [&hellip;]","og_url":"https:\/\/cafeycorcheas.es\/?p=2239","og_site_name":"Caf\u00e9 &amp; corcheas","article_published_time":"2025-11-12T23:26:26+00:00","article_modified_time":"2025-12-08T03:22:21+00:00","og_image":[{"width":2560,"height":1707,"url":"https:\/\/cafeycorcheas.es\/wp-content\/uploads\/2025\/11\/the-pieta-7558335-01-scaled-1.jpeg","type":"image\/jpeg"}],"author":"Enrique Goberna","twitter_card":"summary_large_image","twitter_misc":{"Escrito por":"Enrique Goberna","Tiempo de lectura":"3 minutos"},"schema":{"@context":"https:\/\/schema.org","@graph":[{"@type":"Article","@id":"https:\/\/cafeycorcheas.es\/?p=2239#article","isPartOf":{"@id":"https:\/\/cafeycorcheas.es\/?p=2239"},"author":{"name":"Enrique Goberna","@id":"https:\/\/cafeycorcheas.es\/#\/schema\/person\/8775a327ca0a5000474d24d409e8f854"},"headline":"Componer para no morir del todo","datePublished":"2025-11-12T23:26:26+00:00","dateModified":"2025-12-08T03:22:21+00:00","mainEntityOfPage":{"@id":"https:\/\/cafeycorcheas.es\/?p=2239"},"wordCount":536,"commentCount":0,"publisher":{"@id":"https:\/\/cafeycorcheas.es\/#\/schema\/person\/8775a327ca0a5000474d24d409e8f854"},"image":{"@id":"https:\/\/cafeycorcheas.es\/?p=2239#primaryimage"},"thumbnailUrl":"https:\/\/cafeycorcheas.es\/wp-content\/uploads\/2025\/11\/the-pieta-7558335-01-scaled-1.jpeg","articleSection":["General"],"inLanguage":"es","potentialAction":[{"@type":"CommentAction","name":"Comment","target":["https:\/\/cafeycorcheas.es\/?p=2239#respond"]}]},{"@type":"WebPage","@id":"https:\/\/cafeycorcheas.es\/?p=2239","url":"https:\/\/cafeycorcheas.es\/?p=2239","name":"Componer para no morir del todo - Caf\u00e9 &amp; corcheas","isPartOf":{"@id":"https:\/\/cafeycorcheas.es\/#website"},"primaryImageOfPage":{"@id":"https:\/\/cafeycorcheas.es\/?p=2239#primaryimage"},"image":{"@id":"https:\/\/cafeycorcheas.es\/?p=2239#primaryimage"},"thumbnailUrl":"https:\/\/cafeycorcheas.es\/wp-content\/uploads\/2025\/11\/the-pieta-7558335-01-scaled-1.jpeg","datePublished":"2025-11-12T23:26:26+00:00","dateModified":"2025-12-08T03:22:21+00:00","breadcrumb":{"@id":"https:\/\/cafeycorcheas.es\/?p=2239#breadcrumb"},"inLanguage":"es","potentialAction":[{"@type":"ReadAction","target":["https:\/\/cafeycorcheas.es\/?p=2239"]}]},{"@type":"ImageObject","inLanguage":"es","@id":"https:\/\/cafeycorcheas.es\/?p=2239#primaryimage","url":"https:\/\/cafeycorcheas.es\/wp-content\/uploads\/2025\/11\/the-pieta-7558335-01-scaled-1.jpeg","contentUrl":"https:\/\/cafeycorcheas.es\/wp-content\/uploads\/2025\/11\/the-pieta-7558335-01-scaled-1.jpeg","width":2560,"height":1707},{"@type":"BreadcrumbList","@id":"https:\/\/cafeycorcheas.es\/?p=2239#breadcrumb","itemListElement":[{"@type":"ListItem","position":1,"name":"Portada","item":"https:\/\/cafeycorcheas.es\/"},{"@type":"ListItem","position":2,"name":"Componer para no morir del todo"}]},{"@type":"WebSite","@id":"https:\/\/cafeycorcheas.es\/#website","url":"https:\/\/cafeycorcheas.es\/","name":"Caf\u00e9 & corcheas","description":"Blog de m\u00fasica cl\u00e1sica. Si alguna vez pensaste que no entiendes de m\u00fasica es probablemente porque nadie te la explic\u00f3 bien. Exploraremos sinfon\u00edas, conciertos y partituras con humor, curiosidad y cierta insolencia. Si tienes orejas eres bienvenido.","publisher":{"@id":"https:\/\/cafeycorcheas.es\/#\/schema\/person\/8775a327ca0a5000474d24d409e8f854"},"alternateName":"Caf\u00e9 & Corcheas - M\u00fasica Cl\u00e1sica, An\u00e1lisis Musical y An\u00e9cdotas.","potentialAction":[{"@type":"SearchAction","target":{"@type":"EntryPoint","urlTemplate":"https:\/\/cafeycorcheas.es\/?s={search_term_string}"},"query-input":{"@type":"PropertyValueSpecification","valueRequired":true,"valueName":"search_term_string"}}],"inLanguage":"es"},{"@type":["Person","Organization"],"@id":"https:\/\/cafeycorcheas.es\/#\/schema\/person\/8775a327ca0a5000474d24d409e8f854","name":"Enrique Goberna","image":{"@type":"ImageObject","inLanguage":"es","@id":"https:\/\/cafeycorcheas.es\/wp-content\/uploads\/2025\/11\/solo-logo-1.svg","url":"https:\/\/cafeycorcheas.es\/wp-content\/uploads\/2025\/11\/solo-logo-1.svg","contentUrl":"https:\/\/cafeycorcheas.es\/wp-content\/uploads\/2025\/11\/solo-logo-1.svg","width":100,"height":70,"caption":"Enrique Goberna"},"logo":{"@id":"https:\/\/cafeycorcheas.es\/wp-content\/uploads\/2025\/11\/solo-logo-1.svg"},"sameAs":["https:\/\/cafeycorcheas.es"],"url":"https:\/\/cafeycorcheas.es\/?author=1"}]}},"_links":{"self":[{"href":"https:\/\/cafeycorcheas.es\/index.php?rest_route=\/wp\/v2\/posts\/2239","targetHints":{"allow":["GET"]}}],"collection":[{"href":"https:\/\/cafeycorcheas.es\/index.php?rest_route=\/wp\/v2\/posts"}],"about":[{"href":"https:\/\/cafeycorcheas.es\/index.php?rest_route=\/wp\/v2\/types\/post"}],"author":[{"embeddable":true,"href":"https:\/\/cafeycorcheas.es\/index.php?rest_route=\/wp\/v2\/users\/1"}],"replies":[{"embeddable":true,"href":"https:\/\/cafeycorcheas.es\/index.php?rest_route=%2Fwp%2Fv2%2Fcomments&post=2239"}],"version-history":[{"count":4,"href":"https:\/\/cafeycorcheas.es\/index.php?rest_route=\/wp\/v2\/posts\/2239\/revisions"}],"predecessor-version":[{"id":2245,"href":"https:\/\/cafeycorcheas.es\/index.php?rest_route=\/wp\/v2\/posts\/2239\/revisions\/2245"}],"wp:featuredmedia":[{"embeddable":true,"href":"https:\/\/cafeycorcheas.es\/index.php?rest_route=\/wp\/v2\/media\/2240"}],"wp:attachment":[{"href":"https:\/\/cafeycorcheas.es\/index.php?rest_route=%2Fwp%2Fv2%2Fmedia&parent=2239"}],"wp:term":[{"taxonomy":"category","embeddable":true,"href":"https:\/\/cafeycorcheas.es\/index.php?rest_route=%2Fwp%2Fv2%2Fcategories&post=2239"},{"taxonomy":"post_tag","embeddable":true,"href":"https:\/\/cafeycorcheas.es\/index.php?rest_route=%2Fwp%2Fv2%2Ftags&post=2239"}],"curies":[{"name":"wp","href":"https:\/\/api.w.org\/{rel}","templated":true}]}}