{"id":2215,"date":"2025-10-30T10:53:00","date_gmt":"2025-10-30T09:53:00","guid":{"rendered":"https:\/\/cafeycorcheas.es\/?p=2215"},"modified":"2025-11-11T04:42:56","modified_gmt":"2025-11-11T03:42:56","slug":"muerte-y-resurrecion","status":"publish","type":"post","link":"https:\/\/cafeycorcheas.es\/?p=2215","title":{"rendered":"Muerte y Resurreci\u00f3n"},"content":{"rendered":"\n<p class=\"wp-block-paragraph\">Siempre que escucho esta sinfon\u00eda \u2014y lo hago con cierta frecuencia, por algo ser\u00e1\u2014 pienso lo mismo: <em>qu\u00e9 dar\u00eda yo por estar en la cuerda de bar\u00edtonos de esta obra<\/em>. No porque mi voz est\u00e9 para grandes haza\u00f1as (mi ducha tiene la misma opini\u00f3n), sino porque este final es uno de los momentos m\u00e1s intensos de toda la m\u00fasica. Y m\u00e1s a\u00fan en esta versi\u00f3n de Bernstein, que no se limita a marcar el comp\u00e1s, sino que <em>vive<\/em> la m\u00fasica. Se le ve guiando a la orquesta con todo el cuerpo, anticipando cada frase. No acompa\u00f1a: impulsa.<\/p>\n\n\n\n<p class=\"wp-block-paragraph\">La <strong>Sinfon\u00eda n.\u00ba 2 en do menor<\/strong> de Mahler \u2014la famosa <em>\u201cResurrecci\u00f3n\u201d<\/em>\u2014 es un viaje a lo largo de cinco movimientos: comienza con un funeral y termina con un levantarse de entre los muertos. As\u00ed de sencillo y as\u00ed de complicado. Mahler, como sabemos, no era precisamente un hombre despreocupado: ten\u00eda la cabeza llena de preguntas sobre la muerte, Dios, la trascendencia y el sentido de estar aqu\u00ed dando vueltas en un planeta que no pidi\u00f3. Por eso esta obra suena a angustia, pero tambi\u00e9n a esperanza. <\/p>\n\n\n\n<p class=\"wp-block-paragraph\">Y cuando por fin llega el coro en el \u00faltimo movimiento, es ese momento en el que todo encaja. Entra el texto de Klopstock y despu\u00e9s el a\u00f1adido del propio Mahler, que lo completa con una convicci\u00f3n que no es solo religiosa, sino humana.<br><br>Y luego ese <strong>Was du geschlaaaaaaaaaagen,<\/strong> <strong>zu Gott wird es dich tragen<\/strong> (Por aquello que has latido, a Dios te llevar\u00e1),  que que se estira como si no quisiera terminar nunca. Y ah\u00ed es cuando se te pone la piel de gallina y te quedas paralizado, escuchando sin respirar.<br><br>El d\u00eda que me muera, ponedme la Segunda de Mahler a todo volumen. Si con eso no resucito, dadme por perdido: que apaguen los desfibriladores y cierren el ata\u00fad. Y si puede ser la versi\u00f3n de Bernstein con la Sinf\u00f3nica de Londres, mejor. Nadie ha transmitido el entusiasmo del final como \u00e9l. Adem\u00e1s, esa grabaci\u00f3n se hizo en una catedral, lo que oblig\u00f3 a reducir un poco la plantilla y le da un sonido m\u00e1s recogido pero igual de demoledor.<\/p>\n\n\n\n<p class=\"wp-block-paragraph\">S\u00e9 que pedir a alguien que se escuche una hora y media de sinfon\u00eda puede ser mucho, as\u00ed que si quer\u00e9is empezar por lo esencial, comparto los \u00faltimos minutos. Son, sin exagerar, de los momentos m\u00e1s intensos de toda la m\u00fasica. Ah\u00ed est\u00e1 todo: ca\u00edda, esperanza, victoria, y ese <em>simplemente vivir<\/em> que Mahler busc\u00f3 toda su vida.<\/p>\n\n\n\n<p class=\"wp-block-paragraph\">Como escarpias. Literalmente.<\/p>\n\n\n\n<p class=\"wp-block-paragraph\">Hay m\u00fasica que no solo te llega: te atraviesa.<br><a href=\"https:\/\/www.youtube.com\/watch?v=sw-UxcNY1T8\" target=\"_blank\" rel=\"noreferrer noopener\"><br>https:\/\/www.youtube.com\/watch?v=sw-UxcNY1T8<\/a><\/p>\n\n\n\n<p class=\"wp-block-paragraph\"><\/p>\n","protected":false},"excerpt":{"rendered":"<p>Siempre que escucho esta sinfon\u00eda \u2014y lo hago con cierta frecuencia, por algo ser\u00e1\u2014 pienso lo mismo: qu\u00e9 dar\u00eda yo por estar en la cuerda de bar\u00edtonos de esta obra. No porque mi voz est\u00e9 para grandes haza\u00f1as (mi ducha tiene la misma opini\u00f3n), sino porque este final es uno de los momentos m\u00e1s intensos [&hellip;]<\/p>\n","protected":false},"author":1,"featured_media":2216,"comment_status":"open","ping_status":"open","sticky":false,"template":"","format":"standard","meta":{"footnotes":""},"categories":[3],"tags":[],"class_list":["post-2215","post","type-post","status-publish","format-standard","has-post-thumbnail","hentry","category-general"],"yoast_head":"<!-- This site is optimized with the Yoast SEO plugin v28.3 - https:\/\/yoast.com\/product\/yoast-seo-wordpress\/ -->\n<title>Muerte y Resurreci\u00f3n - Caf\u00e9 &amp; corcheas<\/title>\n<meta name=\"robots\" content=\"index, follow, max-snippet:-1, max-image-preview:large, max-video-preview:-1\" \/>\n<link rel=\"canonical\" href=\"https:\/\/cafeycorcheas.es\/?p=2215\" \/>\n<meta property=\"og:locale\" content=\"es_ES\" \/>\n<meta property=\"og:type\" content=\"article\" \/>\n<meta property=\"og:title\" content=\"Muerte y Resurreci\u00f3n - Caf\u00e9 &amp; corcheas\" \/>\n<meta property=\"og:description\" content=\"Siempre que escucho esta sinfon\u00eda \u2014y lo hago con cierta frecuencia, por algo ser\u00e1\u2014 pienso lo mismo: qu\u00e9 dar\u00eda yo por estar en la cuerda de bar\u00edtonos de esta obra. No porque mi voz est\u00e9 para grandes haza\u00f1as (mi ducha tiene la misma opini\u00f3n), sino porque este final es uno de los momentos m\u00e1s intensos [&hellip;]\" \/>\n<meta property=\"og:url\" content=\"https:\/\/cafeycorcheas.es\/?p=2215\" \/>\n<meta property=\"og:site_name\" content=\"Caf\u00e9 &amp; corcheas\" \/>\n<meta property=\"article:published_time\" content=\"2025-10-30T09:53:00+00:00\" \/>\n<meta property=\"article:modified_time\" content=\"2025-11-11T03:42:56+00:00\" \/>\n<meta property=\"og:image\" content=\"https:\/\/cafeycorcheas.es\/wp-content\/uploads\/2025\/11\/19-Obra-Mahler.webp\" \/>\n\t<meta property=\"og:image:width\" content=\"1483\" \/>\n\t<meta property=\"og:image:height\" content=\"938\" \/>\n\t<meta property=\"og:image:type\" content=\"image\/webp\" \/>\n<meta name=\"author\" content=\"Enrique Goberna\" \/>\n<meta name=\"twitter:card\" content=\"summary_large_image\" \/>\n<meta name=\"twitter:label1\" content=\"Escrito por\" \/>\n\t<meta name=\"twitter:data1\" content=\"Enrique Goberna\" \/>\n\t<meta name=\"twitter:label2\" content=\"Tiempo de lectura\" \/>\n\t<meta name=\"twitter:data2\" content=\"2 minutos\" \/>\n<script type=\"application\/ld+json\" class=\"yoast-schema-graph\">{\"@context\":\"https:\\\/\\\/schema.org\",\"@graph\":[{\"@type\":\"Article\",\"@id\":\"https:\\\/\\\/cafeycorcheas.es\\\/?p=2215#article\",\"isPartOf\":{\"@id\":\"https:\\\/\\\/cafeycorcheas.es\\\/?p=2215\"},\"author\":{\"name\":\"Enrique Goberna\",\"@id\":\"https:\\\/\\\/cafeycorcheas.es\\\/#\\\/schema\\\/person\\\/8775a327ca0a5000474d24d409e8f854\"},\"headline\":\"Muerte y Resurreci\u00f3n\",\"datePublished\":\"2025-10-30T09:53:00+00:00\",\"dateModified\":\"2025-11-11T03:42:56+00:00\",\"mainEntityOfPage\":{\"@id\":\"https:\\\/\\\/cafeycorcheas.es\\\/?p=2215\"},\"wordCount\":470,\"commentCount\":0,\"publisher\":{\"@id\":\"https:\\\/\\\/cafeycorcheas.es\\\/#\\\/schema\\\/person\\\/8775a327ca0a5000474d24d409e8f854\"},\"image\":{\"@id\":\"https:\\\/\\\/cafeycorcheas.es\\\/?p=2215#primaryimage\"},\"thumbnailUrl\":\"https:\\\/\\\/cafeycorcheas.es\\\/wp-content\\\/uploads\\\/2025\\\/11\\\/19-Obra-Mahler.webp\",\"articleSection\":[\"General\"],\"inLanguage\":\"es\",\"potentialAction\":[{\"@type\":\"CommentAction\",\"name\":\"Comment\",\"target\":[\"https:\\\/\\\/cafeycorcheas.es\\\/?p=2215#respond\"]}]},{\"@type\":\"WebPage\",\"@id\":\"https:\\\/\\\/cafeycorcheas.es\\\/?p=2215\",\"url\":\"https:\\\/\\\/cafeycorcheas.es\\\/?p=2215\",\"name\":\"Muerte y Resurreci\u00f3n - Caf\u00e9 &amp; corcheas\",\"isPartOf\":{\"@id\":\"https:\\\/\\\/cafeycorcheas.es\\\/#website\"},\"primaryImageOfPage\":{\"@id\":\"https:\\\/\\\/cafeycorcheas.es\\\/?p=2215#primaryimage\"},\"image\":{\"@id\":\"https:\\\/\\\/cafeycorcheas.es\\\/?p=2215#primaryimage\"},\"thumbnailUrl\":\"https:\\\/\\\/cafeycorcheas.es\\\/wp-content\\\/uploads\\\/2025\\\/11\\\/19-Obra-Mahler.webp\",\"datePublished\":\"2025-10-30T09:53:00+00:00\",\"dateModified\":\"2025-11-11T03:42:56+00:00\",\"breadcrumb\":{\"@id\":\"https:\\\/\\\/cafeycorcheas.es\\\/?p=2215#breadcrumb\"},\"inLanguage\":\"es\",\"potentialAction\":[{\"@type\":\"ReadAction\",\"target\":[\"https:\\\/\\\/cafeycorcheas.es\\\/?p=2215\"]}]},{\"@type\":\"ImageObject\",\"inLanguage\":\"es\",\"@id\":\"https:\\\/\\\/cafeycorcheas.es\\\/?p=2215#primaryimage\",\"url\":\"https:\\\/\\\/cafeycorcheas.es\\\/wp-content\\\/uploads\\\/2025\\\/11\\\/19-Obra-Mahler.webp\",\"contentUrl\":\"https:\\\/\\\/cafeycorcheas.es\\\/wp-content\\\/uploads\\\/2025\\\/11\\\/19-Obra-Mahler.webp\",\"width\":1483,\"height\":938},{\"@type\":\"BreadcrumbList\",\"@id\":\"https:\\\/\\\/cafeycorcheas.es\\\/?p=2215#breadcrumb\",\"itemListElement\":[{\"@type\":\"ListItem\",\"position\":1,\"name\":\"Portada\",\"item\":\"https:\\\/\\\/cafeycorcheas.es\\\/\"},{\"@type\":\"ListItem\",\"position\":2,\"name\":\"Muerte y Resurreci\u00f3n\"}]},{\"@type\":\"WebSite\",\"@id\":\"https:\\\/\\\/cafeycorcheas.es\\\/#website\",\"url\":\"https:\\\/\\\/cafeycorcheas.es\\\/\",\"name\":\"Caf\u00e9 & corcheas\",\"description\":\"Blog de m\u00fasica cl\u00e1sica. Si alguna vez pensaste que no entiendes de m\u00fasica es probablemente porque nadie te la explic\u00f3 bien. Exploraremos sinfon\u00edas, conciertos y partituras con humor, curiosidad y cierta insolencia. Si tienes orejas eres bienvenido.\",\"publisher\":{\"@id\":\"https:\\\/\\\/cafeycorcheas.es\\\/#\\\/schema\\\/person\\\/8775a327ca0a5000474d24d409e8f854\"},\"alternateName\":\"Caf\u00e9 & Corcheas - M\u00fasica Cl\u00e1sica, An\u00e1lisis Musical y An\u00e9cdotas.\",\"potentialAction\":[{\"@type\":\"SearchAction\",\"target\":{\"@type\":\"EntryPoint\",\"urlTemplate\":\"https:\\\/\\\/cafeycorcheas.es\\\/?s={search_term_string}\"},\"query-input\":{\"@type\":\"PropertyValueSpecification\",\"valueRequired\":true,\"valueName\":\"search_term_string\"}}],\"inLanguage\":\"es\"},{\"@type\":[\"Person\",\"Organization\"],\"@id\":\"https:\\\/\\\/cafeycorcheas.es\\\/#\\\/schema\\\/person\\\/8775a327ca0a5000474d24d409e8f854\",\"name\":\"Enrique Goberna\",\"image\":{\"@type\":\"ImageObject\",\"inLanguage\":\"es\",\"@id\":\"https:\\\/\\\/cafeycorcheas.es\\\/wp-content\\\/uploads\\\/2025\\\/11\\\/solo-logo-1.svg\",\"url\":\"https:\\\/\\\/cafeycorcheas.es\\\/wp-content\\\/uploads\\\/2025\\\/11\\\/solo-logo-1.svg\",\"contentUrl\":\"https:\\\/\\\/cafeycorcheas.es\\\/wp-content\\\/uploads\\\/2025\\\/11\\\/solo-logo-1.svg\",\"width\":100,\"height\":70,\"caption\":\"Enrique Goberna\"},\"logo\":{\"@id\":\"https:\\\/\\\/cafeycorcheas.es\\\/wp-content\\\/uploads\\\/2025\\\/11\\\/solo-logo-1.svg\"},\"sameAs\":[\"https:\\\/\\\/cafeycorcheas.es\"],\"url\":\"https:\\\/\\\/cafeycorcheas.es\\\/?author=1\"}]}<\/script>\n<!-- \/ Yoast SEO plugin. -->","yoast_head_json":{"title":"Muerte y Resurreci\u00f3n - Caf\u00e9 &amp; corcheas","robots":{"index":"index","follow":"follow","max-snippet":"max-snippet:-1","max-image-preview":"max-image-preview:large","max-video-preview":"max-video-preview:-1"},"canonical":"https:\/\/cafeycorcheas.es\/?p=2215","og_locale":"es_ES","og_type":"article","og_title":"Muerte y Resurreci\u00f3n - Caf\u00e9 &amp; corcheas","og_description":"Siempre que escucho esta sinfon\u00eda \u2014y lo hago con cierta frecuencia, por algo ser\u00e1\u2014 pienso lo mismo: qu\u00e9 dar\u00eda yo por estar en la cuerda de bar\u00edtonos de esta obra. No porque mi voz est\u00e9 para grandes haza\u00f1as (mi ducha tiene la misma opini\u00f3n), sino porque este final es uno de los momentos m\u00e1s intensos [&hellip;]","og_url":"https:\/\/cafeycorcheas.es\/?p=2215","og_site_name":"Caf\u00e9 &amp; corcheas","article_published_time":"2025-10-30T09:53:00+00:00","article_modified_time":"2025-11-11T03:42:56+00:00","og_image":[{"width":1483,"height":938,"url":"https:\/\/cafeycorcheas.es\/wp-content\/uploads\/2025\/11\/19-Obra-Mahler.webp","type":"image\/webp"}],"author":"Enrique Goberna","twitter_card":"summary_large_image","twitter_misc":{"Escrito por":"Enrique Goberna","Tiempo de lectura":"2 minutos"},"schema":{"@context":"https:\/\/schema.org","@graph":[{"@type":"Article","@id":"https:\/\/cafeycorcheas.es\/?p=2215#article","isPartOf":{"@id":"https:\/\/cafeycorcheas.es\/?p=2215"},"author":{"name":"Enrique Goberna","@id":"https:\/\/cafeycorcheas.es\/#\/schema\/person\/8775a327ca0a5000474d24d409e8f854"},"headline":"Muerte y Resurreci\u00f3n","datePublished":"2025-10-30T09:53:00+00:00","dateModified":"2025-11-11T03:42:56+00:00","mainEntityOfPage":{"@id":"https:\/\/cafeycorcheas.es\/?p=2215"},"wordCount":470,"commentCount":0,"publisher":{"@id":"https:\/\/cafeycorcheas.es\/#\/schema\/person\/8775a327ca0a5000474d24d409e8f854"},"image":{"@id":"https:\/\/cafeycorcheas.es\/?p=2215#primaryimage"},"thumbnailUrl":"https:\/\/cafeycorcheas.es\/wp-content\/uploads\/2025\/11\/19-Obra-Mahler.webp","articleSection":["General"],"inLanguage":"es","potentialAction":[{"@type":"CommentAction","name":"Comment","target":["https:\/\/cafeycorcheas.es\/?p=2215#respond"]}]},{"@type":"WebPage","@id":"https:\/\/cafeycorcheas.es\/?p=2215","url":"https:\/\/cafeycorcheas.es\/?p=2215","name":"Muerte y Resurreci\u00f3n - Caf\u00e9 &amp; corcheas","isPartOf":{"@id":"https:\/\/cafeycorcheas.es\/#website"},"primaryImageOfPage":{"@id":"https:\/\/cafeycorcheas.es\/?p=2215#primaryimage"},"image":{"@id":"https:\/\/cafeycorcheas.es\/?p=2215#primaryimage"},"thumbnailUrl":"https:\/\/cafeycorcheas.es\/wp-content\/uploads\/2025\/11\/19-Obra-Mahler.webp","datePublished":"2025-10-30T09:53:00+00:00","dateModified":"2025-11-11T03:42:56+00:00","breadcrumb":{"@id":"https:\/\/cafeycorcheas.es\/?p=2215#breadcrumb"},"inLanguage":"es","potentialAction":[{"@type":"ReadAction","target":["https:\/\/cafeycorcheas.es\/?p=2215"]}]},{"@type":"ImageObject","inLanguage":"es","@id":"https:\/\/cafeycorcheas.es\/?p=2215#primaryimage","url":"https:\/\/cafeycorcheas.es\/wp-content\/uploads\/2025\/11\/19-Obra-Mahler.webp","contentUrl":"https:\/\/cafeycorcheas.es\/wp-content\/uploads\/2025\/11\/19-Obra-Mahler.webp","width":1483,"height":938},{"@type":"BreadcrumbList","@id":"https:\/\/cafeycorcheas.es\/?p=2215#breadcrumb","itemListElement":[{"@type":"ListItem","position":1,"name":"Portada","item":"https:\/\/cafeycorcheas.es\/"},{"@type":"ListItem","position":2,"name":"Muerte y Resurreci\u00f3n"}]},{"@type":"WebSite","@id":"https:\/\/cafeycorcheas.es\/#website","url":"https:\/\/cafeycorcheas.es\/","name":"Caf\u00e9 & corcheas","description":"Blog de m\u00fasica cl\u00e1sica. Si alguna vez pensaste que no entiendes de m\u00fasica es probablemente porque nadie te la explic\u00f3 bien. Exploraremos sinfon\u00edas, conciertos y partituras con humor, curiosidad y cierta insolencia. Si tienes orejas eres bienvenido.","publisher":{"@id":"https:\/\/cafeycorcheas.es\/#\/schema\/person\/8775a327ca0a5000474d24d409e8f854"},"alternateName":"Caf\u00e9 & Corcheas - M\u00fasica Cl\u00e1sica, An\u00e1lisis Musical y An\u00e9cdotas.","potentialAction":[{"@type":"SearchAction","target":{"@type":"EntryPoint","urlTemplate":"https:\/\/cafeycorcheas.es\/?s={search_term_string}"},"query-input":{"@type":"PropertyValueSpecification","valueRequired":true,"valueName":"search_term_string"}}],"inLanguage":"es"},{"@type":["Person","Organization"],"@id":"https:\/\/cafeycorcheas.es\/#\/schema\/person\/8775a327ca0a5000474d24d409e8f854","name":"Enrique Goberna","image":{"@type":"ImageObject","inLanguage":"es","@id":"https:\/\/cafeycorcheas.es\/wp-content\/uploads\/2025\/11\/solo-logo-1.svg","url":"https:\/\/cafeycorcheas.es\/wp-content\/uploads\/2025\/11\/solo-logo-1.svg","contentUrl":"https:\/\/cafeycorcheas.es\/wp-content\/uploads\/2025\/11\/solo-logo-1.svg","width":100,"height":70,"caption":"Enrique Goberna"},"logo":{"@id":"https:\/\/cafeycorcheas.es\/wp-content\/uploads\/2025\/11\/solo-logo-1.svg"},"sameAs":["https:\/\/cafeycorcheas.es"],"url":"https:\/\/cafeycorcheas.es\/?author=1"}]}},"_links":{"self":[{"href":"https:\/\/cafeycorcheas.es\/index.php?rest_route=\/wp\/v2\/posts\/2215","targetHints":{"allow":["GET"]}}],"collection":[{"href":"https:\/\/cafeycorcheas.es\/index.php?rest_route=\/wp\/v2\/posts"}],"about":[{"href":"https:\/\/cafeycorcheas.es\/index.php?rest_route=\/wp\/v2\/types\/post"}],"author":[{"embeddable":true,"href":"https:\/\/cafeycorcheas.es\/index.php?rest_route=\/wp\/v2\/users\/1"}],"replies":[{"embeddable":true,"href":"https:\/\/cafeycorcheas.es\/index.php?rest_route=%2Fwp%2Fv2%2Fcomments&post=2215"}],"version-history":[{"count":4,"href":"https:\/\/cafeycorcheas.es\/index.php?rest_route=\/wp\/v2\/posts\/2215\/revisions"}],"predecessor-version":[{"id":2222,"href":"https:\/\/cafeycorcheas.es\/index.php?rest_route=\/wp\/v2\/posts\/2215\/revisions\/2222"}],"wp:featuredmedia":[{"embeddable":true,"href":"https:\/\/cafeycorcheas.es\/index.php?rest_route=\/wp\/v2\/media\/2216"}],"wp:attachment":[{"href":"https:\/\/cafeycorcheas.es\/index.php?rest_route=%2Fwp%2Fv2%2Fmedia&parent=2215"}],"wp:term":[{"taxonomy":"category","embeddable":true,"href":"https:\/\/cafeycorcheas.es\/index.php?rest_route=%2Fwp%2Fv2%2Fcategories&post=2215"},{"taxonomy":"post_tag","embeddable":true,"href":"https:\/\/cafeycorcheas.es\/index.php?rest_route=%2Fwp%2Fv2%2Ftags&post=2215"}],"curies":[{"name":"wp","href":"https:\/\/api.w.org\/{rel}","templated":true}]}}