{"id":2140,"date":"2025-10-08T23:21:00","date_gmt":"2025-10-08T21:21:00","guid":{"rendered":"https:\/\/cafeycorcheas.es\/?p=2140"},"modified":"2025-11-08T23:32:30","modified_gmt":"2025-11-08T22:32:30","slug":"credo","status":"publish","type":"post","link":"https:\/\/cafeycorcheas.es\/?p=2140","title":{"rendered":"CREDO"},"content":{"rendered":"\n<p class=\"wp-block-paragraph\"><strong>Creo en Bach Padre, todopoderoso, creador de la armon\u00eda y el contrapunto. Creo en Carl Philipp Emanuel, uno de sus veinte hijos; que fue eclipsado por obra y gracia del esp\u00edritu musical de su propio padre, que naci\u00f3 de Mar\u00eda B\u00e1rbara, que de virgen no ten\u00eda un pelo, pero que ole su co\u00f1o; y que ahora est\u00e1 sentado a la diestra de Bach Padre. Desde all\u00ed ha de venir a juzgar a raperos y reggaetoneros. Creo en la Ofrenda Musical, la Pasi\u00f3n seg\u00fan San Mateo, sus Fugas y Cantatas, sus Misas y Oratorios, en su Chacona para viol\u00edn solo, en la resurrecci\u00f3n de la armon\u00eda y la m\u00fasica eterna.<br><br>Am\u00e9n.<\/strong><br><br>\u2500\u2500<br><br>Aqu\u00ed est\u00e1 la primera de mis devociones. Mientras otros se arrodillan a unas im\u00e1genes bellamente talladas y a las que tienen toda la fe de la que son capaces, yo hago lo mismo con Bach Padre, con alguno de sus hijos y con el esp\u00edritu musical que dej\u00f3 entre nosotros. En esto creo yo. Mi peregrinaje antes de morir ser\u00e1, si acaso, a la Iglesia de Santo Tom\u00e1s de Leipzig, para mostrar agradecimiento por dejar un mundo m\u00e1s bello y soportable con su m\u00fasica.<\/p>\n\n\n\n<p class=\"wp-block-paragraph\">Si ya la Pasi\u00f3n seg\u00fan San Mateo del divino Bach, es de por s\u00ed, probablemente, la obra musical m\u00e1s grande jam\u00e1s compuesta, este aria \u00abErbarme dich, mein Gott\u00bb es para partirse la camisa; qu\u00e9 digo la camisa, para abrirse el pecho con una motosierra. La he compartido much\u00edsimo tanto en esta versi\u00f3n como formando parte de la cantata \u00abIch habe genug\u00bb, tambi\u00e9n maravillosa, con un oboe barroco en lugar del viol\u00edn.<\/p>\n\n\n\n<p class=\"wp-block-paragraph\">Qu\u00e9 interpretaci\u00f3n, viol\u00edn y contralto para com\u00e9rselos. Pura belleza, pura sensibilidad, pura emoci\u00f3n&#8230; la plegaria de un genio a su Dios. Y mi agradecimiento a ambos.<\/p>\n\n\n\n<p class=\"wp-block-paragraph\">Sublime.<\/p>\n\n\n\n<p class=\"wp-block-paragraph\">Texto original:<br><em>Erbarme dich, mein Gott,<br>Um meiner Z\u00e4hren willen.<br>Schaue hier,<br>Herz und Auge<br>Weint vor dir bitterlich.<br>Erbarme dich!<\/em><\/p>\n\n\n\n<p class=\"wp-block-paragraph\">Traducci\u00f3n:<br><em>Ten piedad de m\u00ed, Dios m\u00edo,<br>advierte mi llanto.<br>Mira mi coraz\u00f3n,<br>mis ojos que lloran<br>amargamente ante Ti.<br>\u00a1Ten piedad de m\u00ed!<\/em><br><br><a href=\"https:\/\/youtu.be\/BBeXF_lnj_M\" target=\"_blank\" rel=\"noreferrer noopener\">https:\/\/youtu.be\/BBeXF_lnj_M<\/a><\/p>\n\n\n\n<p class=\"wp-block-paragraph\"><\/p>\n","protected":false},"excerpt":{"rendered":"<p>Creo en Bach Padre, todopoderoso, creador de la armon\u00eda y el contrapunto. Creo en Carl Philipp Emanuel, uno de sus veinte hijos; que fue eclipsado por obra y gracia del esp\u00edritu musical de su propio padre, que naci\u00f3 de Mar\u00eda B\u00e1rbara, que de virgen no ten\u00eda un pelo, pero que ole su co\u00f1o; y que [&hellip;]<\/p>\n","protected":false},"author":1,"featured_media":2141,"comment_status":"open","ping_status":"open","sticky":false,"template":"","format":"standard","meta":{"footnotes":""},"categories":[3],"tags":[],"class_list":["post-2140","post","type-post","status-publish","format-standard","has-post-thumbnail","hentry","category-general"],"yoast_head":"<!-- This site is optimized with the Yoast SEO plugin v28.3 - https:\/\/yoast.com\/product\/yoast-seo-wordpress\/ -->\n<title>CREDO - Caf\u00e9 &amp; corcheas<\/title>\n<meta name=\"robots\" content=\"index, follow, max-snippet:-1, max-image-preview:large, max-video-preview:-1\" \/>\n<link rel=\"canonical\" href=\"https:\/\/cafeycorcheas.es\/?p=2140\" \/>\n<meta property=\"og:locale\" content=\"es_ES\" \/>\n<meta property=\"og:type\" content=\"article\" \/>\n<meta property=\"og:title\" content=\"CREDO - Caf\u00e9 &amp; corcheas\" \/>\n<meta property=\"og:description\" content=\"Creo en Bach Padre, todopoderoso, creador de la armon\u00eda y el contrapunto. Creo en Carl Philipp Emanuel, uno de sus veinte hijos; que fue eclipsado por obra y gracia del esp\u00edritu musical de su propio padre, que naci\u00f3 de Mar\u00eda B\u00e1rbara, que de virgen no ten\u00eda un pelo, pero que ole su co\u00f1o; y que [&hellip;]\" \/>\n<meta property=\"og:url\" content=\"https:\/\/cafeycorcheas.es\/?p=2140\" \/>\n<meta property=\"og:site_name\" content=\"Caf\u00e9 &amp; corcheas\" \/>\n<meta property=\"article:published_time\" content=\"2025-10-08T21:21:00+00:00\" \/>\n<meta property=\"article:modified_time\" content=\"2025-11-08T22:32:30+00:00\" \/>\n<meta property=\"og:image\" content=\"https:\/\/cafeycorcheas.es\/wp-content\/uploads\/2025\/11\/bach-e1616133049972.webp\" \/>\n\t<meta property=\"og:image:width\" content=\"700\" \/>\n\t<meta property=\"og:image:height\" content=\"394\" \/>\n\t<meta property=\"og:image:type\" content=\"image\/webp\" \/>\n<meta name=\"author\" content=\"Enrique Goberna\" \/>\n<meta name=\"twitter:card\" content=\"summary_large_image\" \/>\n<meta name=\"twitter:label1\" content=\"Escrito por\" \/>\n\t<meta name=\"twitter:data1\" content=\"Enrique Goberna\" \/>\n\t<meta name=\"twitter:label2\" content=\"Tiempo de lectura\" \/>\n\t<meta name=\"twitter:data2\" content=\"2 minutos\" \/>\n<script type=\"application\/ld+json\" class=\"yoast-schema-graph\">{\"@context\":\"https:\\\/\\\/schema.org\",\"@graph\":[{\"@type\":\"Article\",\"@id\":\"https:\\\/\\\/cafeycorcheas.es\\\/?p=2140#article\",\"isPartOf\":{\"@id\":\"https:\\\/\\\/cafeycorcheas.es\\\/?p=2140\"},\"author\":{\"name\":\"Enrique Goberna\",\"@id\":\"https:\\\/\\\/cafeycorcheas.es\\\/#\\\/schema\\\/person\\\/8775a327ca0a5000474d24d409e8f854\"},\"headline\":\"CREDO\",\"datePublished\":\"2025-10-08T21:21:00+00:00\",\"dateModified\":\"2025-11-08T22:32:30+00:00\",\"mainEntityOfPage\":{\"@id\":\"https:\\\/\\\/cafeycorcheas.es\\\/?p=2140\"},\"wordCount\":376,\"commentCount\":0,\"publisher\":{\"@id\":\"https:\\\/\\\/cafeycorcheas.es\\\/#\\\/schema\\\/person\\\/8775a327ca0a5000474d24d409e8f854\"},\"image\":{\"@id\":\"https:\\\/\\\/cafeycorcheas.es\\\/?p=2140#primaryimage\"},\"thumbnailUrl\":\"https:\\\/\\\/cafeycorcheas.es\\\/wp-content\\\/uploads\\\/2025\\\/11\\\/bach-e1616133049972.webp\",\"articleSection\":[\"General\"],\"inLanguage\":\"es\",\"potentialAction\":[{\"@type\":\"CommentAction\",\"name\":\"Comment\",\"target\":[\"https:\\\/\\\/cafeycorcheas.es\\\/?p=2140#respond\"]}]},{\"@type\":\"WebPage\",\"@id\":\"https:\\\/\\\/cafeycorcheas.es\\\/?p=2140\",\"url\":\"https:\\\/\\\/cafeycorcheas.es\\\/?p=2140\",\"name\":\"CREDO - Caf\u00e9 &amp; corcheas\",\"isPartOf\":{\"@id\":\"https:\\\/\\\/cafeycorcheas.es\\\/#website\"},\"primaryImageOfPage\":{\"@id\":\"https:\\\/\\\/cafeycorcheas.es\\\/?p=2140#primaryimage\"},\"image\":{\"@id\":\"https:\\\/\\\/cafeycorcheas.es\\\/?p=2140#primaryimage\"},\"thumbnailUrl\":\"https:\\\/\\\/cafeycorcheas.es\\\/wp-content\\\/uploads\\\/2025\\\/11\\\/bach-e1616133049972.webp\",\"datePublished\":\"2025-10-08T21:21:00+00:00\",\"dateModified\":\"2025-11-08T22:32:30+00:00\",\"breadcrumb\":{\"@id\":\"https:\\\/\\\/cafeycorcheas.es\\\/?p=2140#breadcrumb\"},\"inLanguage\":\"es\",\"potentialAction\":[{\"@type\":\"ReadAction\",\"target\":[\"https:\\\/\\\/cafeycorcheas.es\\\/?p=2140\"]}]},{\"@type\":\"ImageObject\",\"inLanguage\":\"es\",\"@id\":\"https:\\\/\\\/cafeycorcheas.es\\\/?p=2140#primaryimage\",\"url\":\"https:\\\/\\\/cafeycorcheas.es\\\/wp-content\\\/uploads\\\/2025\\\/11\\\/bach-e1616133049972.webp\",\"contentUrl\":\"https:\\\/\\\/cafeycorcheas.es\\\/wp-content\\\/uploads\\\/2025\\\/11\\\/bach-e1616133049972.webp\",\"width\":700,\"height\":394},{\"@type\":\"BreadcrumbList\",\"@id\":\"https:\\\/\\\/cafeycorcheas.es\\\/?p=2140#breadcrumb\",\"itemListElement\":[{\"@type\":\"ListItem\",\"position\":1,\"name\":\"Portada\",\"item\":\"https:\\\/\\\/cafeycorcheas.es\\\/\"},{\"@type\":\"ListItem\",\"position\":2,\"name\":\"CREDO\"}]},{\"@type\":\"WebSite\",\"@id\":\"https:\\\/\\\/cafeycorcheas.es\\\/#website\",\"url\":\"https:\\\/\\\/cafeycorcheas.es\\\/\",\"name\":\"Caf\u00e9 & corcheas\",\"description\":\"Blog de m\u00fasica cl\u00e1sica. Si alguna vez pensaste que no entiendes de m\u00fasica es probablemente porque nadie te la explic\u00f3 bien. Exploraremos sinfon\u00edas, conciertos y partituras con humor, curiosidad y cierta insolencia. Si tienes orejas eres bienvenido.\",\"publisher\":{\"@id\":\"https:\\\/\\\/cafeycorcheas.es\\\/#\\\/schema\\\/person\\\/8775a327ca0a5000474d24d409e8f854\"},\"alternateName\":\"Caf\u00e9 & Corcheas - M\u00fasica Cl\u00e1sica, An\u00e1lisis Musical y An\u00e9cdotas.\",\"potentialAction\":[{\"@type\":\"SearchAction\",\"target\":{\"@type\":\"EntryPoint\",\"urlTemplate\":\"https:\\\/\\\/cafeycorcheas.es\\\/?s={search_term_string}\"},\"query-input\":{\"@type\":\"PropertyValueSpecification\",\"valueRequired\":true,\"valueName\":\"search_term_string\"}}],\"inLanguage\":\"es\"},{\"@type\":[\"Person\",\"Organization\"],\"@id\":\"https:\\\/\\\/cafeycorcheas.es\\\/#\\\/schema\\\/person\\\/8775a327ca0a5000474d24d409e8f854\",\"name\":\"Enrique Goberna\",\"image\":{\"@type\":\"ImageObject\",\"inLanguage\":\"es\",\"@id\":\"https:\\\/\\\/cafeycorcheas.es\\\/wp-content\\\/uploads\\\/2025\\\/11\\\/solo-logo-1.svg\",\"url\":\"https:\\\/\\\/cafeycorcheas.es\\\/wp-content\\\/uploads\\\/2025\\\/11\\\/solo-logo-1.svg\",\"contentUrl\":\"https:\\\/\\\/cafeycorcheas.es\\\/wp-content\\\/uploads\\\/2025\\\/11\\\/solo-logo-1.svg\",\"width\":100,\"height\":70,\"caption\":\"Enrique Goberna\"},\"logo\":{\"@id\":\"https:\\\/\\\/cafeycorcheas.es\\\/wp-content\\\/uploads\\\/2025\\\/11\\\/solo-logo-1.svg\"},\"sameAs\":[\"https:\\\/\\\/cafeycorcheas.es\"],\"url\":\"https:\\\/\\\/cafeycorcheas.es\\\/?author=1\"}]}<\/script>\n<!-- \/ Yoast SEO plugin. -->","yoast_head_json":{"title":"CREDO - Caf\u00e9 &amp; corcheas","robots":{"index":"index","follow":"follow","max-snippet":"max-snippet:-1","max-image-preview":"max-image-preview:large","max-video-preview":"max-video-preview:-1"},"canonical":"https:\/\/cafeycorcheas.es\/?p=2140","og_locale":"es_ES","og_type":"article","og_title":"CREDO - Caf\u00e9 &amp; corcheas","og_description":"Creo en Bach Padre, todopoderoso, creador de la armon\u00eda y el contrapunto. Creo en Carl Philipp Emanuel, uno de sus veinte hijos; que fue eclipsado por obra y gracia del esp\u00edritu musical de su propio padre, que naci\u00f3 de Mar\u00eda B\u00e1rbara, que de virgen no ten\u00eda un pelo, pero que ole su co\u00f1o; y que [&hellip;]","og_url":"https:\/\/cafeycorcheas.es\/?p=2140","og_site_name":"Caf\u00e9 &amp; corcheas","article_published_time":"2025-10-08T21:21:00+00:00","article_modified_time":"2025-11-08T22:32:30+00:00","og_image":[{"width":700,"height":394,"url":"https:\/\/cafeycorcheas.es\/wp-content\/uploads\/2025\/11\/bach-e1616133049972.webp","type":"image\/webp"}],"author":"Enrique Goberna","twitter_card":"summary_large_image","twitter_misc":{"Escrito por":"Enrique Goberna","Tiempo de lectura":"2 minutos"},"schema":{"@context":"https:\/\/schema.org","@graph":[{"@type":"Article","@id":"https:\/\/cafeycorcheas.es\/?p=2140#article","isPartOf":{"@id":"https:\/\/cafeycorcheas.es\/?p=2140"},"author":{"name":"Enrique Goberna","@id":"https:\/\/cafeycorcheas.es\/#\/schema\/person\/8775a327ca0a5000474d24d409e8f854"},"headline":"CREDO","datePublished":"2025-10-08T21:21:00+00:00","dateModified":"2025-11-08T22:32:30+00:00","mainEntityOfPage":{"@id":"https:\/\/cafeycorcheas.es\/?p=2140"},"wordCount":376,"commentCount":0,"publisher":{"@id":"https:\/\/cafeycorcheas.es\/#\/schema\/person\/8775a327ca0a5000474d24d409e8f854"},"image":{"@id":"https:\/\/cafeycorcheas.es\/?p=2140#primaryimage"},"thumbnailUrl":"https:\/\/cafeycorcheas.es\/wp-content\/uploads\/2025\/11\/bach-e1616133049972.webp","articleSection":["General"],"inLanguage":"es","potentialAction":[{"@type":"CommentAction","name":"Comment","target":["https:\/\/cafeycorcheas.es\/?p=2140#respond"]}]},{"@type":"WebPage","@id":"https:\/\/cafeycorcheas.es\/?p=2140","url":"https:\/\/cafeycorcheas.es\/?p=2140","name":"CREDO - Caf\u00e9 &amp; corcheas","isPartOf":{"@id":"https:\/\/cafeycorcheas.es\/#website"},"primaryImageOfPage":{"@id":"https:\/\/cafeycorcheas.es\/?p=2140#primaryimage"},"image":{"@id":"https:\/\/cafeycorcheas.es\/?p=2140#primaryimage"},"thumbnailUrl":"https:\/\/cafeycorcheas.es\/wp-content\/uploads\/2025\/11\/bach-e1616133049972.webp","datePublished":"2025-10-08T21:21:00+00:00","dateModified":"2025-11-08T22:32:30+00:00","breadcrumb":{"@id":"https:\/\/cafeycorcheas.es\/?p=2140#breadcrumb"},"inLanguage":"es","potentialAction":[{"@type":"ReadAction","target":["https:\/\/cafeycorcheas.es\/?p=2140"]}]},{"@type":"ImageObject","inLanguage":"es","@id":"https:\/\/cafeycorcheas.es\/?p=2140#primaryimage","url":"https:\/\/cafeycorcheas.es\/wp-content\/uploads\/2025\/11\/bach-e1616133049972.webp","contentUrl":"https:\/\/cafeycorcheas.es\/wp-content\/uploads\/2025\/11\/bach-e1616133049972.webp","width":700,"height":394},{"@type":"BreadcrumbList","@id":"https:\/\/cafeycorcheas.es\/?p=2140#breadcrumb","itemListElement":[{"@type":"ListItem","position":1,"name":"Portada","item":"https:\/\/cafeycorcheas.es\/"},{"@type":"ListItem","position":2,"name":"CREDO"}]},{"@type":"WebSite","@id":"https:\/\/cafeycorcheas.es\/#website","url":"https:\/\/cafeycorcheas.es\/","name":"Caf\u00e9 & corcheas","description":"Blog de m\u00fasica cl\u00e1sica. Si alguna vez pensaste que no entiendes de m\u00fasica es probablemente porque nadie te la explic\u00f3 bien. Exploraremos sinfon\u00edas, conciertos y partituras con humor, curiosidad y cierta insolencia. Si tienes orejas eres bienvenido.","publisher":{"@id":"https:\/\/cafeycorcheas.es\/#\/schema\/person\/8775a327ca0a5000474d24d409e8f854"},"alternateName":"Caf\u00e9 & Corcheas - M\u00fasica Cl\u00e1sica, An\u00e1lisis Musical y An\u00e9cdotas.","potentialAction":[{"@type":"SearchAction","target":{"@type":"EntryPoint","urlTemplate":"https:\/\/cafeycorcheas.es\/?s={search_term_string}"},"query-input":{"@type":"PropertyValueSpecification","valueRequired":true,"valueName":"search_term_string"}}],"inLanguage":"es"},{"@type":["Person","Organization"],"@id":"https:\/\/cafeycorcheas.es\/#\/schema\/person\/8775a327ca0a5000474d24d409e8f854","name":"Enrique Goberna","image":{"@type":"ImageObject","inLanguage":"es","@id":"https:\/\/cafeycorcheas.es\/wp-content\/uploads\/2025\/11\/solo-logo-1.svg","url":"https:\/\/cafeycorcheas.es\/wp-content\/uploads\/2025\/11\/solo-logo-1.svg","contentUrl":"https:\/\/cafeycorcheas.es\/wp-content\/uploads\/2025\/11\/solo-logo-1.svg","width":100,"height":70,"caption":"Enrique Goberna"},"logo":{"@id":"https:\/\/cafeycorcheas.es\/wp-content\/uploads\/2025\/11\/solo-logo-1.svg"},"sameAs":["https:\/\/cafeycorcheas.es"],"url":"https:\/\/cafeycorcheas.es\/?author=1"}]}},"_links":{"self":[{"href":"https:\/\/cafeycorcheas.es\/index.php?rest_route=\/wp\/v2\/posts\/2140","targetHints":{"allow":["GET"]}}],"collection":[{"href":"https:\/\/cafeycorcheas.es\/index.php?rest_route=\/wp\/v2\/posts"}],"about":[{"href":"https:\/\/cafeycorcheas.es\/index.php?rest_route=\/wp\/v2\/types\/post"}],"author":[{"embeddable":true,"href":"https:\/\/cafeycorcheas.es\/index.php?rest_route=\/wp\/v2\/users\/1"}],"replies":[{"embeddable":true,"href":"https:\/\/cafeycorcheas.es\/index.php?rest_route=%2Fwp%2Fv2%2Fcomments&post=2140"}],"version-history":[{"count":4,"href":"https:\/\/cafeycorcheas.es\/index.php?rest_route=\/wp\/v2\/posts\/2140\/revisions"}],"predecessor-version":[{"id":2146,"href":"https:\/\/cafeycorcheas.es\/index.php?rest_route=\/wp\/v2\/posts\/2140\/revisions\/2146"}],"wp:featuredmedia":[{"embeddable":true,"href":"https:\/\/cafeycorcheas.es\/index.php?rest_route=\/wp\/v2\/media\/2141"}],"wp:attachment":[{"href":"https:\/\/cafeycorcheas.es\/index.php?rest_route=%2Fwp%2Fv2%2Fmedia&parent=2140"}],"wp:term":[{"taxonomy":"category","embeddable":true,"href":"https:\/\/cafeycorcheas.es\/index.php?rest_route=%2Fwp%2Fv2%2Fcategories&post=2140"},{"taxonomy":"post_tag","embeddable":true,"href":"https:\/\/cafeycorcheas.es\/index.php?rest_route=%2Fwp%2Fv2%2Ftags&post=2140"}],"curies":[{"name":"wp","href":"https:\/\/api.w.org\/{rel}","templated":true}]}}