{"id":1537,"date":"2025-10-16T05:15:00","date_gmt":"2025-10-16T03:15:00","guid":{"rendered":"https:\/\/cafeycorcheas.es\/?p=1537"},"modified":"2025-11-08T20:40:37","modified_gmt":"2025-11-08T19:40:37","slug":"handel-vs-mattheson-pabernos-matao","status":"publish","type":"post","link":"https:\/\/cafeycorcheas.es\/?p=1537","title":{"rendered":"H\u00e4ndel vs Mattheson: \u201cpa\u2019bernos matao\u201d"},"content":{"rendered":"\n<p class=\"wp-block-paragraph\">Georg Friedrich H\u00e4ndel y Johann Mattheson eran dos j\u00f3venes y prometedores m\u00fasicos. Su amistad se hab\u00eda fraguado en Hamburgo, donde coincidieron en la orquesta de la \u00f3pera; ambos eran excelentes organistas y clavecinistas. En 1703, los amigos emprendieron un viaje hasta Lubeck para visitar al organista m\u00e1s importante de la \u00e9poca, Dietrich Buxtehude. Entonces Buxtehude ten\u00eda 66 a\u00f1os y estaba preparando su retirada. Les ofreci\u00f3 su cargo a ambos, pero ten\u00edan que cumplir la tradici\u00f3n de casarse con su hija mayor, Anna Margareta, como \u00e9l mismo hizo con la que era su esposa. Tanto H\u00e4ndel como Mattheson rechazaron la oferta y se fueron apresuradamente al d\u00eda siguiente de su llegada. Probablemente la muchacha ser\u00eda simpatiqu\u00edsima pero nada agraciada.<\/p>\n\n\n<div class=\"wp-block-image\">\n<figure class=\"aligncenter size-full\"><img fetchpriority=\"high\" decoding=\"async\" width=\"300\" height=\"300\" src=\"https:\/\/cafeycorcheas.es\/wp-content\/uploads\/2025\/11\/517973980_10239008595541896_7810917115056903607_n.jpg\" alt=\"\" class=\"wp-image-1538\" srcset=\"https:\/\/cafeycorcheas.es\/wp-content\/uploads\/2025\/11\/517973980_10239008595541896_7810917115056903607_n.jpg 300w, https:\/\/cafeycorcheas.es\/wp-content\/uploads\/2025\/11\/517973980_10239008595541896_7810917115056903607_n-150x150.jpg 150w\" sizes=\"(max-width: 300px) 100vw, 300px\" \/><figcaption class=\"wp-element-caption\"><em>G.F. H\u00e4ndel: Retrato de perfil de su facebook<\/em><br><\/figcaption><\/figure>\n<\/div>\n\n\n<p class=\"wp-block-paragraph\"><br>Un par de a\u00f1os despu\u00e9s, en 1705, Johann Sebastian Bach (de veinte a\u00f1os de edad) anduvo m\u00e1s de 320 kil\u00f3metros desde Arnstadt para conocerlo. Permaneci\u00f3 con el maestro casi tres meses: acudi\u00f3 a los Conciertos de Adviento, le oy\u00f3 tocar y aprendi\u00f3 de \u00e9l. Sin embargo, tambi\u00e9n rechaz\u00f3 el puesto y la mano de la hija mayor. \u00a1Y eso que Bach estaba enamorado de aquel fant\u00e1stico instrumento con 3 teclados, 54 registros y pedalero! Pues ni por esa.<\/p>\n\n\n\n<p class=\"wp-block-paragraph\">Volvamos a H\u00e4ndel y Mattheson&#8230; Los amigos estaban representando la \u00f3pera \u201cEl infortunio de Cleopatra\u201d compuesta por el propio Johann, en el que H\u00e4ndel ten\u00eda encomendada la labor de segundo viol\u00edn y el autor se adjudic\u00f3 el heroico papel de Marco Antonio. En una representaci\u00f3n el director enferm\u00f3 y H\u00e4ndel se apresur\u00f3 a tomar el clave y la direcci\u00f3n. Tras la muerte en escena de Marco Antonio, Johann baj\u00f3 a dirigir la \u00f3pera y se encontr\u00f3 con la negativa de H\u00e4ndel, que se sent\u00eda en ese papel m\u00e1s a gusto que un cochino en una pocilga. Mattheson no se tom\u00f3 nada bien el desplante de su amigo ni que el p\u00fablico premiase la labor de Georg con unos entusiastas aplausos al final de la obra. Desde aquel momento algo cambi\u00f3 entre ambos, el rencor y los celos fueron aumentando d\u00eda tras d\u00eda \u2500acelerados una vez que fue a H\u00e4ndel que le encargaron la siguiente \u00f3pera\u2500 hasta que una noche en una taberna hartos de cerveza salieron a la luz y se dijeron todo aquello que llevaban guard\u00e1ndose tiempo atr\u00e1s.<br><br>&#8211; \u00a1Feo, que eres muy feo! \u2500 le dijo Mattheson<br>&#8211; Mira qui\u00e9n habla, con esos pelos que llevas&#8230; \u2500 recrimin\u00f3 Georg.<br>Y cosas incluso m\u00e1s desagradables.<br><br>La disputa fue a m\u00e1s y decidieron solucionar la rencilla como la solucionaban los caballeros en aquella \u00e9poca: en un duelo a espada. Los padrinos intentaron quitarles la est\u00fapida idea de jugar a hacer una brocheta de carne con el otro, pero todo fue en vano; al alba, en las afueras de Hamburgo los retadores se encontraron para zanjar definitivamente el tema.<br><br>Sus caras a\u00fan reflejaban el cansancio de aquella larga noche, y a la orden del juez los m\u00fasicos desenvainaron y comenzaron a cruzar las espadas. El acero golpeaba una y otra vez en el del rival cada vez con m\u00e1s determinaci\u00f3n pero con menos energ\u00eda, pues el cansancio iba haciendo mella en ambos. En un instante la punta de la espada de Johann busc\u00f3 con acierto el coraz\u00f3n de Georg, con tal fortuna que impact\u00f3 sobre uno de los grandes botones de la casaca de H\u00e4ndel quebrando el acero, que salt\u00f3 por los aires. H\u00e4ndel, sudoroso y con la respiraci\u00f3n entrecortada, asisti\u00f3 at\u00f3nito al acontecimiento; a pesar de la precisi\u00f3n de su rival, milagrosamente no estaba herido. Los contendientes se miraron fijamente aquella fr\u00eda ma\u00f1ana sin saber muy bien qu\u00e9 decir, jadeantes y asustados, celebrando ambos que la fortuna les bendijese con una segunda oportunidad. H\u00e4ndel, a pesar de tener a su rival desarmado, arroj\u00f3 la espada al suelo. Mattheson hizo lo propio y ambos empezaron a reir escandalosamente.<br><br>&#8211; Pa\u2019bernos matao, Johann \u2500 coment\u00f3 Georg entre risas<br>&#8211; Y que lo digas, amigo&#8230; \u00a1Mi hermana maneja la espada mejor que t\u00fa! \u2500 repuso Johann<br>&#8211; \u00bfLa mayor? Pregunt\u00f3 Georg<br>&#8211; No, la menor&#8230; contest\u00f3 velozmente Mattheson, al que parec\u00eda hacerle mucha gracia estas bromas de m\u00fasicos.<br><br>Los amigos, cogidos del hombro, tomaron camino de la ciudad a la vez que solicitaban a los padrinos \u2500desconcertados ante la resoluci\u00f3n del duelo\u2500 algo m\u00e1s de cerveza para la resaca.<br><br>&#8211; Jajajaja&#8230; \u00bfte acuerdas de Ana Margarita? pregunt\u00f3 jocosamente H\u00e4ndel.<br>&#8211; \u00bfLa de Buxtehude? Ya te digo&#8230; qu\u00e9 fea era la hijaputa \u2500 apunt\u00f3 Mattheson.<br><br>Abrazados continuaban lentamente su camino de regreso hacia la ciudad.<br><br>&#8211; Oye, Georg, \u00bftienes ya pensado sobre qu\u00e9 vas a escribir la \u00f3pera que te han encargado?<br>&#8211; S\u00ed, Johann, se titular\u00e1 \u201cAlmira\u201d<br>&#8211; Almirable, Georg, Almirable&#8230;<br>Johann le di\u00f3 un largo trago a la cerveza y pas\u00f3 la botella a su amigo.<br><br><br>Almira, de Georg Friedrich H\u00e4ndel.<br><a href=\"https:\/\/www.youtube.com\/watch?v=PcDRKgeqQWs&amp;fbclid=IwZXh0bgNhZW0CMTAAYnJpZBEwc2Z6d2wxUEpsU2h5c2JNU3NydGMGYXBwX2lkEDIyMjAzOTE3ODgyMDA4OTIAAR5A-2l_viRj18_rDQMlrGqJVvRrzg-Mmau8x0oIQzermqYm7gPR_j2WFN3QXw_aem_BRbHL0WhElJC0LHDQBN6Pg\" target=\"_blank\" rel=\"noreferrer noopener\">https:\/\/www.youtube.com\/watch?v=PcDRKgeqQWs<\/a><\/p>\n\n\n\n<p class=\"wp-block-paragraph\"><\/p>\n","protected":false},"excerpt":{"rendered":"<p>Georg Friedrich H\u00e4ndel y Johann Mattheson eran dos j\u00f3venes y prometedores m\u00fasicos. Su amistad se hab\u00eda fraguado en Hamburgo, donde coincidieron en la orquesta de la \u00f3pera; ambos eran excelentes organistas y clavecinistas. En 1703, los amigos emprendieron un viaje hasta Lubeck para visitar al organista m\u00e1s importante de la \u00e9poca, Dietrich Buxtehude. Entonces Buxtehude [&hellip;]<\/p>\n","protected":false},"author":1,"featured_media":1540,"comment_status":"open","ping_status":"open","sticky":false,"template":"","format":"standard","meta":{"footnotes":""},"categories":[43],"tags":[],"class_list":["post-1537","post","type-post","status-publish","format-standard","has-post-thumbnail","hentry","category-anecdotas"],"yoast_head":"<!-- This site is optimized with the Yoast SEO plugin v28.3 - https:\/\/yoast.com\/product\/yoast-seo-wordpress\/ -->\n<title>H\u00e4ndel vs Mattheson: \u201cpa\u2019bernos matao\u201d - Caf\u00e9 &amp; corcheas<\/title>\n<meta name=\"robots\" content=\"index, follow, max-snippet:-1, max-image-preview:large, max-video-preview:-1\" \/>\n<link rel=\"canonical\" href=\"https:\/\/cafeycorcheas.es\/?p=1537\" \/>\n<meta property=\"og:locale\" content=\"es_ES\" \/>\n<meta property=\"og:type\" content=\"article\" \/>\n<meta property=\"og:title\" content=\"H\u00e4ndel vs Mattheson: \u201cpa\u2019bernos matao\u201d - Caf\u00e9 &amp; corcheas\" \/>\n<meta property=\"og:description\" content=\"Georg Friedrich H\u00e4ndel y Johann Mattheson eran dos j\u00f3venes y prometedores m\u00fasicos. Su amistad se hab\u00eda fraguado en Hamburgo, donde coincidieron en la orquesta de la \u00f3pera; ambos eran excelentes organistas y clavecinistas. En 1703, los amigos emprendieron un viaje hasta Lubeck para visitar al organista m\u00e1s importante de la \u00e9poca, Dietrich Buxtehude. Entonces Buxtehude [&hellip;]\" \/>\n<meta property=\"og:url\" content=\"https:\/\/cafeycorcheas.es\/?p=1537\" \/>\n<meta property=\"og:site_name\" content=\"Caf\u00e9 &amp; corcheas\" \/>\n<meta property=\"article:published_time\" content=\"2025-10-16T03:15:00+00:00\" \/>\n<meta property=\"article:modified_time\" content=\"2025-11-08T19:40:37+00:00\" \/>\n<meta property=\"og:image\" content=\"https:\/\/cafeycorcheas.es\/wp-content\/uploads\/2025\/03\/474474780_948859047435528_3423396752178910996_n.jpg\" \/>\n\t<meta property=\"og:image:width\" content=\"960\" \/>\n\t<meta property=\"og:image:height\" content=\"637\" \/>\n\t<meta property=\"og:image:type\" content=\"image\/jpeg\" \/>\n<meta name=\"author\" content=\"Enrique Goberna\" \/>\n<meta name=\"twitter:card\" content=\"summary_large_image\" \/>\n<meta name=\"twitter:label1\" content=\"Escrito por\" \/>\n\t<meta name=\"twitter:data1\" content=\"Enrique Goberna\" \/>\n\t<meta name=\"twitter:label2\" content=\"Tiempo de lectura\" \/>\n\t<meta name=\"twitter:data2\" content=\"4 minutos\" \/>\n<script type=\"application\/ld+json\" class=\"yoast-schema-graph\">{\"@context\":\"https:\\\/\\\/schema.org\",\"@graph\":[{\"@type\":\"Article\",\"@id\":\"https:\\\/\\\/cafeycorcheas.es\\\/?p=1537#article\",\"isPartOf\":{\"@id\":\"https:\\\/\\\/cafeycorcheas.es\\\/?p=1537\"},\"author\":{\"name\":\"Enrique Goberna\",\"@id\":\"https:\\\/\\\/cafeycorcheas.es\\\/#\\\/schema\\\/person\\\/8775a327ca0a5000474d24d409e8f854\"},\"headline\":\"H\u00e4ndel vs Mattheson: \u201cpa\u2019bernos matao\u201d\",\"datePublished\":\"2025-10-16T03:15:00+00:00\",\"dateModified\":\"2025-11-08T19:40:37+00:00\",\"mainEntityOfPage\":{\"@id\":\"https:\\\/\\\/cafeycorcheas.es\\\/?p=1537\"},\"wordCount\":865,\"commentCount\":0,\"publisher\":{\"@id\":\"https:\\\/\\\/cafeycorcheas.es\\\/#\\\/schema\\\/person\\\/8775a327ca0a5000474d24d409e8f854\"},\"image\":{\"@id\":\"https:\\\/\\\/cafeycorcheas.es\\\/?p=1537#primaryimage\"},\"thumbnailUrl\":\"https:\\\/\\\/cafeycorcheas.es\\\/wp-content\\\/uploads\\\/2025\\\/03\\\/474474780_948859047435528_3423396752178910996_n.jpg\",\"articleSection\":[\"AN\u00c9CDOTAS\"],\"inLanguage\":\"es\",\"potentialAction\":[{\"@type\":\"CommentAction\",\"name\":\"Comment\",\"target\":[\"https:\\\/\\\/cafeycorcheas.es\\\/?p=1537#respond\"]}]},{\"@type\":\"WebPage\",\"@id\":\"https:\\\/\\\/cafeycorcheas.es\\\/?p=1537\",\"url\":\"https:\\\/\\\/cafeycorcheas.es\\\/?p=1537\",\"name\":\"H\u00e4ndel vs Mattheson: \u201cpa\u2019bernos matao\u201d - Caf\u00e9 &amp; corcheas\",\"isPartOf\":{\"@id\":\"https:\\\/\\\/cafeycorcheas.es\\\/#website\"},\"primaryImageOfPage\":{\"@id\":\"https:\\\/\\\/cafeycorcheas.es\\\/?p=1537#primaryimage\"},\"image\":{\"@id\":\"https:\\\/\\\/cafeycorcheas.es\\\/?p=1537#primaryimage\"},\"thumbnailUrl\":\"https:\\\/\\\/cafeycorcheas.es\\\/wp-content\\\/uploads\\\/2025\\\/03\\\/474474780_948859047435528_3423396752178910996_n.jpg\",\"datePublished\":\"2025-10-16T03:15:00+00:00\",\"dateModified\":\"2025-11-08T19:40:37+00:00\",\"breadcrumb\":{\"@id\":\"https:\\\/\\\/cafeycorcheas.es\\\/?p=1537#breadcrumb\"},\"inLanguage\":\"es\",\"potentialAction\":[{\"@type\":\"ReadAction\",\"target\":[\"https:\\\/\\\/cafeycorcheas.es\\\/?p=1537\"]}]},{\"@type\":\"ImageObject\",\"inLanguage\":\"es\",\"@id\":\"https:\\\/\\\/cafeycorcheas.es\\\/?p=1537#primaryimage\",\"url\":\"https:\\\/\\\/cafeycorcheas.es\\\/wp-content\\\/uploads\\\/2025\\\/03\\\/474474780_948859047435528_3423396752178910996_n.jpg\",\"contentUrl\":\"https:\\\/\\\/cafeycorcheas.es\\\/wp-content\\\/uploads\\\/2025\\\/03\\\/474474780_948859047435528_3423396752178910996_n.jpg\",\"width\":960,\"height\":637},{\"@type\":\"BreadcrumbList\",\"@id\":\"https:\\\/\\\/cafeycorcheas.es\\\/?p=1537#breadcrumb\",\"itemListElement\":[{\"@type\":\"ListItem\",\"position\":1,\"name\":\"Portada\",\"item\":\"https:\\\/\\\/cafeycorcheas.es\\\/\"},{\"@type\":\"ListItem\",\"position\":2,\"name\":\"H\u00e4ndel vs Mattheson: \u201cpa\u2019bernos matao\u201d\"}]},{\"@type\":\"WebSite\",\"@id\":\"https:\\\/\\\/cafeycorcheas.es\\\/#website\",\"url\":\"https:\\\/\\\/cafeycorcheas.es\\\/\",\"name\":\"Caf\u00e9 & corcheas\",\"description\":\"Blog de m\u00fasica cl\u00e1sica. Si alguna vez pensaste que no entiendes de m\u00fasica es probablemente porque nadie te la explic\u00f3 bien. Exploraremos sinfon\u00edas, conciertos y partituras con humor, curiosidad y cierta insolencia. Si tienes orejas eres bienvenido.\",\"publisher\":{\"@id\":\"https:\\\/\\\/cafeycorcheas.es\\\/#\\\/schema\\\/person\\\/8775a327ca0a5000474d24d409e8f854\"},\"alternateName\":\"Caf\u00e9 & Corcheas - M\u00fasica Cl\u00e1sica, An\u00e1lisis Musical y An\u00e9cdotas.\",\"potentialAction\":[{\"@type\":\"SearchAction\",\"target\":{\"@type\":\"EntryPoint\",\"urlTemplate\":\"https:\\\/\\\/cafeycorcheas.es\\\/?s={search_term_string}\"},\"query-input\":{\"@type\":\"PropertyValueSpecification\",\"valueRequired\":true,\"valueName\":\"search_term_string\"}}],\"inLanguage\":\"es\"},{\"@type\":[\"Person\",\"Organization\"],\"@id\":\"https:\\\/\\\/cafeycorcheas.es\\\/#\\\/schema\\\/person\\\/8775a327ca0a5000474d24d409e8f854\",\"name\":\"Enrique Goberna\",\"image\":{\"@type\":\"ImageObject\",\"inLanguage\":\"es\",\"@id\":\"https:\\\/\\\/cafeycorcheas.es\\\/wp-content\\\/uploads\\\/2025\\\/11\\\/solo-logo-1.svg\",\"url\":\"https:\\\/\\\/cafeycorcheas.es\\\/wp-content\\\/uploads\\\/2025\\\/11\\\/solo-logo-1.svg\",\"contentUrl\":\"https:\\\/\\\/cafeycorcheas.es\\\/wp-content\\\/uploads\\\/2025\\\/11\\\/solo-logo-1.svg\",\"width\":100,\"height\":70,\"caption\":\"Enrique Goberna\"},\"logo\":{\"@id\":\"https:\\\/\\\/cafeycorcheas.es\\\/wp-content\\\/uploads\\\/2025\\\/11\\\/solo-logo-1.svg\"},\"sameAs\":[\"https:\\\/\\\/cafeycorcheas.es\"],\"url\":\"https:\\\/\\\/cafeycorcheas.es\\\/?author=1\"}]}<\/script>\n<!-- \/ Yoast SEO plugin. -->","yoast_head_json":{"title":"H\u00e4ndel vs Mattheson: \u201cpa\u2019bernos matao\u201d - Caf\u00e9 &amp; corcheas","robots":{"index":"index","follow":"follow","max-snippet":"max-snippet:-1","max-image-preview":"max-image-preview:large","max-video-preview":"max-video-preview:-1"},"canonical":"https:\/\/cafeycorcheas.es\/?p=1537","og_locale":"es_ES","og_type":"article","og_title":"H\u00e4ndel vs Mattheson: \u201cpa\u2019bernos matao\u201d - Caf\u00e9 &amp; corcheas","og_description":"Georg Friedrich H\u00e4ndel y Johann Mattheson eran dos j\u00f3venes y prometedores m\u00fasicos. Su amistad se hab\u00eda fraguado en Hamburgo, donde coincidieron en la orquesta de la \u00f3pera; ambos eran excelentes organistas y clavecinistas. En 1703, los amigos emprendieron un viaje hasta Lubeck para visitar al organista m\u00e1s importante de la \u00e9poca, Dietrich Buxtehude. Entonces Buxtehude [&hellip;]","og_url":"https:\/\/cafeycorcheas.es\/?p=1537","og_site_name":"Caf\u00e9 &amp; corcheas","article_published_time":"2025-10-16T03:15:00+00:00","article_modified_time":"2025-11-08T19:40:37+00:00","og_image":[{"width":960,"height":637,"url":"https:\/\/cafeycorcheas.es\/wp-content\/uploads\/2025\/03\/474474780_948859047435528_3423396752178910996_n.jpg","type":"image\/jpeg"}],"author":"Enrique Goberna","twitter_card":"summary_large_image","twitter_misc":{"Escrito por":"Enrique Goberna","Tiempo de lectura":"4 minutos"},"schema":{"@context":"https:\/\/schema.org","@graph":[{"@type":"Article","@id":"https:\/\/cafeycorcheas.es\/?p=1537#article","isPartOf":{"@id":"https:\/\/cafeycorcheas.es\/?p=1537"},"author":{"name":"Enrique Goberna","@id":"https:\/\/cafeycorcheas.es\/#\/schema\/person\/8775a327ca0a5000474d24d409e8f854"},"headline":"H\u00e4ndel vs Mattheson: \u201cpa\u2019bernos matao\u201d","datePublished":"2025-10-16T03:15:00+00:00","dateModified":"2025-11-08T19:40:37+00:00","mainEntityOfPage":{"@id":"https:\/\/cafeycorcheas.es\/?p=1537"},"wordCount":865,"commentCount":0,"publisher":{"@id":"https:\/\/cafeycorcheas.es\/#\/schema\/person\/8775a327ca0a5000474d24d409e8f854"},"image":{"@id":"https:\/\/cafeycorcheas.es\/?p=1537#primaryimage"},"thumbnailUrl":"https:\/\/cafeycorcheas.es\/wp-content\/uploads\/2025\/03\/474474780_948859047435528_3423396752178910996_n.jpg","articleSection":["AN\u00c9CDOTAS"],"inLanguage":"es","potentialAction":[{"@type":"CommentAction","name":"Comment","target":["https:\/\/cafeycorcheas.es\/?p=1537#respond"]}]},{"@type":"WebPage","@id":"https:\/\/cafeycorcheas.es\/?p=1537","url":"https:\/\/cafeycorcheas.es\/?p=1537","name":"H\u00e4ndel vs Mattheson: \u201cpa\u2019bernos matao\u201d - Caf\u00e9 &amp; corcheas","isPartOf":{"@id":"https:\/\/cafeycorcheas.es\/#website"},"primaryImageOfPage":{"@id":"https:\/\/cafeycorcheas.es\/?p=1537#primaryimage"},"image":{"@id":"https:\/\/cafeycorcheas.es\/?p=1537#primaryimage"},"thumbnailUrl":"https:\/\/cafeycorcheas.es\/wp-content\/uploads\/2025\/03\/474474780_948859047435528_3423396752178910996_n.jpg","datePublished":"2025-10-16T03:15:00+00:00","dateModified":"2025-11-08T19:40:37+00:00","breadcrumb":{"@id":"https:\/\/cafeycorcheas.es\/?p=1537#breadcrumb"},"inLanguage":"es","potentialAction":[{"@type":"ReadAction","target":["https:\/\/cafeycorcheas.es\/?p=1537"]}]},{"@type":"ImageObject","inLanguage":"es","@id":"https:\/\/cafeycorcheas.es\/?p=1537#primaryimage","url":"https:\/\/cafeycorcheas.es\/wp-content\/uploads\/2025\/03\/474474780_948859047435528_3423396752178910996_n.jpg","contentUrl":"https:\/\/cafeycorcheas.es\/wp-content\/uploads\/2025\/03\/474474780_948859047435528_3423396752178910996_n.jpg","width":960,"height":637},{"@type":"BreadcrumbList","@id":"https:\/\/cafeycorcheas.es\/?p=1537#breadcrumb","itemListElement":[{"@type":"ListItem","position":1,"name":"Portada","item":"https:\/\/cafeycorcheas.es\/"},{"@type":"ListItem","position":2,"name":"H\u00e4ndel vs Mattheson: \u201cpa\u2019bernos matao\u201d"}]},{"@type":"WebSite","@id":"https:\/\/cafeycorcheas.es\/#website","url":"https:\/\/cafeycorcheas.es\/","name":"Caf\u00e9 & corcheas","description":"Blog de m\u00fasica cl\u00e1sica. Si alguna vez pensaste que no entiendes de m\u00fasica es probablemente porque nadie te la explic\u00f3 bien. Exploraremos sinfon\u00edas, conciertos y partituras con humor, curiosidad y cierta insolencia. Si tienes orejas eres bienvenido.","publisher":{"@id":"https:\/\/cafeycorcheas.es\/#\/schema\/person\/8775a327ca0a5000474d24d409e8f854"},"alternateName":"Caf\u00e9 & Corcheas - M\u00fasica Cl\u00e1sica, An\u00e1lisis Musical y An\u00e9cdotas.","potentialAction":[{"@type":"SearchAction","target":{"@type":"EntryPoint","urlTemplate":"https:\/\/cafeycorcheas.es\/?s={search_term_string}"},"query-input":{"@type":"PropertyValueSpecification","valueRequired":true,"valueName":"search_term_string"}}],"inLanguage":"es"},{"@type":["Person","Organization"],"@id":"https:\/\/cafeycorcheas.es\/#\/schema\/person\/8775a327ca0a5000474d24d409e8f854","name":"Enrique Goberna","image":{"@type":"ImageObject","inLanguage":"es","@id":"https:\/\/cafeycorcheas.es\/wp-content\/uploads\/2025\/11\/solo-logo-1.svg","url":"https:\/\/cafeycorcheas.es\/wp-content\/uploads\/2025\/11\/solo-logo-1.svg","contentUrl":"https:\/\/cafeycorcheas.es\/wp-content\/uploads\/2025\/11\/solo-logo-1.svg","width":100,"height":70,"caption":"Enrique Goberna"},"logo":{"@id":"https:\/\/cafeycorcheas.es\/wp-content\/uploads\/2025\/11\/solo-logo-1.svg"},"sameAs":["https:\/\/cafeycorcheas.es"],"url":"https:\/\/cafeycorcheas.es\/?author=1"}]}},"_links":{"self":[{"href":"https:\/\/cafeycorcheas.es\/index.php?rest_route=\/wp\/v2\/posts\/1537","targetHints":{"allow":["GET"]}}],"collection":[{"href":"https:\/\/cafeycorcheas.es\/index.php?rest_route=\/wp\/v2\/posts"}],"about":[{"href":"https:\/\/cafeycorcheas.es\/index.php?rest_route=\/wp\/v2\/types\/post"}],"author":[{"embeddable":true,"href":"https:\/\/cafeycorcheas.es\/index.php?rest_route=\/wp\/v2\/users\/1"}],"replies":[{"embeddable":true,"href":"https:\/\/cafeycorcheas.es\/index.php?rest_route=%2Fwp%2Fv2%2Fcomments&post=1537"}],"version-history":[{"count":5,"href":"https:\/\/cafeycorcheas.es\/index.php?rest_route=\/wp\/v2\/posts\/1537\/revisions"}],"predecessor-version":[{"id":2136,"href":"https:\/\/cafeycorcheas.es\/index.php?rest_route=\/wp\/v2\/posts\/1537\/revisions\/2136"}],"wp:featuredmedia":[{"embeddable":true,"href":"https:\/\/cafeycorcheas.es\/index.php?rest_route=\/wp\/v2\/media\/1540"}],"wp:attachment":[{"href":"https:\/\/cafeycorcheas.es\/index.php?rest_route=%2Fwp%2Fv2%2Fmedia&parent=1537"}],"wp:term":[{"taxonomy":"category","embeddable":true,"href":"https:\/\/cafeycorcheas.es\/index.php?rest_route=%2Fwp%2Fv2%2Fcategories&post=1537"},{"taxonomy":"post_tag","embeddable":true,"href":"https:\/\/cafeycorcheas.es\/index.php?rest_route=%2Fwp%2Fv2%2Ftags&post=1537"}],"curies":[{"name":"wp","href":"https:\/\/api.w.org\/{rel}","templated":true}]}}