{"id":1519,"date":"2025-10-16T04:50:00","date_gmt":"2025-10-16T02:50:00","guid":{"rendered":"https:\/\/cafeycorcheas.es\/?p=1519"},"modified":"2025-11-08T16:46:04","modified_gmt":"2025-11-08T15:46:04","slug":"ne-me-quitte-pas","status":"publish","type":"post","link":"https:\/\/cafeycorcheas.es\/?p=1519","title":{"rendered":"Ne me quitte pas"},"content":{"rendered":"\n<p class=\"wp-block-paragraph\">\u201cNo me quite el pan\u201d es mi primer recuerdo de esta canci\u00f3n. Era el remedo infantil de esta joya musical cuando se hizo tan popular en nuestro pa\u00eds al principio de los a\u00f1os setenta versionada por Mari Trini. \u201cNo me quite el pan\u201d recuerdo que repet\u00eda a la hora de la comida con simulada afectaci\u00f3n. Hoy, con esta canci\u00f3n, me ocurre lo mismo que a los Tricicle y el colesterol: pocas bromas; tambi\u00e9n esta obra puede adherirse a tus arterias.<\/p>\n\n\n\n<p class=\"wp-block-paragraph\">La historia de esta <em>chanson<\/em> es perfectamente conocida por todos los que nos gusta este frikismo de saber que hay detr\u00e1s de las obras que nos enamoran, de sus autores y el contexto en que fueron creadas. No obstante, intentar\u00e9 resumir lo musicalmente m\u00e1s relevante sin quedarme exclusivamente en la an\u00e9cdota amarillista con la que se ceban casi todos.<\/p>\n\n\n<div class=\"wp-block-image\">\n<figure class=\"aligncenter size-full\"><img fetchpriority=\"high\" decoding=\"async\" width=\"400\" height=\"400\" src=\"https:\/\/cafeycorcheas.es\/wp-content\/uploads\/2022\/07\/518366982_10239129711969731_8659591694067841081_n.jpg\" alt=\"\" class=\"wp-image-1522\" srcset=\"https:\/\/cafeycorcheas.es\/wp-content\/uploads\/2022\/07\/518366982_10239129711969731_8659591694067841081_n.jpg 400w, https:\/\/cafeycorcheas.es\/wp-content\/uploads\/2022\/07\/518366982_10239129711969731_8659591694067841081_n-300x300.jpg 300w, https:\/\/cafeycorcheas.es\/wp-content\/uploads\/2022\/07\/518366982_10239129711969731_8659591694067841081_n-150x150.jpg 150w\" sizes=\"(max-width: 400px) 100vw, 400px\" \/><figcaption class=\"wp-element-caption\"><em>La familia Brel: Jacques, Th\u00e9r\u00e8se Michielsen y sus tres hijas<\/em><br><\/figcaption><\/figure>\n<\/div>\n\n\n<p class=\"wp-block-paragraph\">En 1953 un jovenc\u00edsimo Jacques Brel abandona Bruselas y su c\u00f3modo empleo en la empresa paterna y marcha a Par\u00eds con su mujer, su hija, una guitarra y algunos ahorros para intentar hacer realidad el gran sue\u00f1o de vivir de la m\u00fasica. Empieza a cantar en bares y cabar\u00e9s hasta que aparece en su vida Jacques Canetti. Este caballero, adem\u00e1s de productor musical de Polydor, era el propietario de la sala \u201cTh\u00e9\u00e2tre des trois Baudets\u201d, dedicada a la nueva canci\u00f3n francesa y donde hab\u00edan dado sus primeros pasos toda una generaci\u00f3n de cantantes como Leclerc o Brassens. Canetti escucha a ese desconocido y ve en \u00e9l el germen de la estrella que podr\u00eda llegar a ser, lo contrata para su sala y all\u00ed, en ese hervidero cultural y creativo, Brel encuentra los complementos necesarios para desarrollar su inmenso talento. Por una parte empieza a recibir clases de arte dram\u00e1tico por parte de Philippe Clay \u2014otro de los artistas habituales en el club\u2014, un aut\u00e9ntico personaje, cantante, actor y golfo profesional; y por otra, entabla amistad con dos pianistas de una s\u00f3lida formaci\u00f3n cl\u00e1sica como Fran\u00e7ois Rauber y G\u00e9rard Jouannest, sin cuyo valioso asesoramiento y arreglos musicales no podr\u00eda entenderse hoy por hoy la obra de Brel. En ese contexto de la convulsa vida nocturna de Pigalle, Brel conoce a una guapa y talentosa cantante y actriz c\u00f3mica llamada Suzanne Gabriello. Ser\u00edan casi cinco a\u00f1os de una relaci\u00f3n apasionada, oculta, agitada y compleja, que termina el d\u00eda en que Suzanne revela a Jacques que est\u00e1 embarazada. Ah\u00ed empieza el infierno de Brel, de profundas convicciones cat\u00f3licas y que ya ten\u00eda tres hijas con Th\u00e9r\u00e8se, una esposa que perdon\u00f3 esta y muchas otras infidelidades y de la que Brel siempre estuvo enamorado a pesar de todo. Brel huye entonces de esta relaci\u00f3n extramatrimonial y Suzanne decide abortar. Unos meses despu\u00e9s compuso este \u201cNe me quitte pas\u201d, no solo la canci\u00f3n m\u00e1s importante en lengua francesa, sino probablemente la m\u00e1s bonita canci\u00f3n de amor de todos los tiempos.<\/p>\n\n\n\n<p class=\"wp-block-paragraph\"><br><strong>NE ME QUITTE PAS<br><br><\/strong>Ne me quitte pas <code><strong>No me dejes<\/strong>,<\/code><br>Il faut oublier <code><strong>debemos olvidar<\/strong><\/code><br>Tout peut s&#8217;oublier<strong> <code>\u2014todo se puede olvidar\u2014<\/code><\/strong><br>Qui s&#8217;enfuit d\u00e9j\u00e0lo <code><strong>lo que ya se fue.<\/strong><\/code><br>Oublier le temps <code><strong>Olvidar el tiempo<\/strong><\/code><br>Des malentendus <code><strong>de malentendidos<\/strong><\/code><br>Et le temps perdu <code><strong>y el tiempo perdido,<\/strong><\/code><br>A savoir comment <code><strong>de la mejor manera posible.<\/strong><\/code><br>Oublier ces heures<strong> <code>Olvidar aquellas horas<\/code><\/strong><br>Qui tuaient parfois <code><strong>que a veces mataban,<\/strong><\/code><br>A coups de pourquoi <code><strong>a golpes de porqu\u00e9s,<\/strong><\/code><br>Le coeur du bonheur <code><strong>el coraz\u00f3n de la felicidad.<\/strong><\/code><br>Ne me quitte pas <code><strong>No me dejes.<\/strong><\/code><\/p>\n\n\n\n<p class=\"wp-block-paragraph\">Moi je t&#8217;offrirai<strong> <code>Te ofrecer\u00e9<\/code><\/strong><br>Des perles de pluie <code><strong>perlas de lluvia<\/strong><\/code><br>Venues de pays <code><strong>tra\u00eddas del pa\u00eds<\/strong><\/code><br>Ou il ne pleut pas <code><strong>en el que nunca llueve.<\/strong><\/code><br>Je creuserai la terre <code><strong>Escarbar\u00e9 la tierra<\/strong><\/code><br>Jusqu&#8217;apres ma mort <code><strong>incluso muerto,<\/strong><\/code><br>Pour couvrir ton corps <code><strong>para cubrirte<\/strong><\/code><br>D&#8217;or et de lumi\u00e8re <code><strong>de oro y brillantes.<\/strong><\/code><br>Je ferai un domaine <code><strong>Crear\u00e9 un lugar<\/strong><\/code><br>O\u00f9 l&#8217;amour sera roi <code><strong>en el que el amor ser\u00e1 el rey,<\/strong><\/code><br>O\u00f9 l&#8217;amour sera loi <code><strong>en el que el amor ser\u00e1 la ley,<\/strong><\/code><br>O\u00f9 tu seras reine <code><strong>donde t\u00fa ser\u00e1s la reina.<\/strong><\/code><br>Ne me quitte pas <code><strong>No me dejes.<\/strong><\/code><br><br>Ne me quitte pas <code><strong>No me dejes.<\/strong><br><\/code>Je t&#8217;inventerai <code><strong>Inventar\u00e9 para ti<\/strong><\/code><br>Des mots insens\u00e9s <code><strong>palabras sin sentido<\/strong><\/code><br>Que tu comprendras <code><strong>que s\u00f3lo t\u00fa comprender\u00e1s.<\/strong><\/code><br>Je te parlerai <code><strong>Yo te hablar\u00e9<\/strong><\/code><br>De ces amants-l\u00e0 <code><strong>de aquellos amantes<\/strong><\/code><br>Qui ont vu deux fois <code><strong>que vieron c\u00f3mo por dos veces<\/strong><\/code><br>Leurs coeurs s&#8217;embraser <code><strong>ard\u00edan sus corazones.<\/strong><\/code><br>Je te raconterai <code><strong>Te contar\u00e9<\/strong><\/code><br>L&#8217;histoire de ce roi <code><strong>la historia de cierto rey<\/strong><\/code><br>Mort de n&#8217;avoir pas <code><strong>que muri\u00f3 por no haber<\/strong><\/code><br>Pu te rencontrer <code><strong>podido conocerte.<\/strong><\/code><br>Ne me quitte pas <code><strong>No me dejes.<\/strong><\/code><br><br>On a vu souvent<strong> <code>\u00bfAcaso no se ha visto<\/code><\/strong><br>Rejaillir le feu<strong> <code>renacer el fuego<\/code><\/strong><br>D&#8217;un ancien volcan <code><strong>de un antiguo volc\u00e1n<\/strong><\/code><br>Qu&#8217;on croyait trop vieux <code><strong>que se cre\u00eda demasiado viejo?<\/strong><\/code><br>Il est para\u00eet-il <code><strong>\u00bfAcaso no existen<\/strong><\/code><br>Des terres br\u00fbl\u00e9es <code><strong>tierras quemadas<\/strong><\/code><br>Donnant plus de bl\u00e9 <code><strong>que producen m\u00e1s trigo<\/strong><\/code><br>Qu&#8217;un meilleur avril <code><strong>que el mejor de los abriles?<\/strong><\/code><br>Et quand vient le soir <code><strong>Y cuando llega el atardecer,<\/strong><\/code><br>Pour qu&#8217;un ciel flamboie <code><strong>para que un cielo se inflame<\/strong><\/code><br>Le rouge et le noir <code><strong>\u00bfacaso el rojo y el negro<\/strong><\/code><br>Ne s&#8217;\u00e9pousent-ils pas <code><strong>no se juntan tambi\u00e9n?<\/strong><\/code><br>Ne me quitte pas <code><strong>No me dejes.<\/strong><\/code><br><\/p>\n\n\n\n<p class=\"wp-block-paragraph\">Ne me quitte pas <code><strong>No me dejes,<\/strong><\/code><br>Je ne vais plus pleurer <code><strong>no llorar\u00e9 mas,<\/strong><\/code><br>Je ne vais plus parler <code><strong>no hablar\u00e9 m\u00e1s.<\/strong><\/code><br>Je me cacherai l\u00e0 <code><strong>Me esconder\u00e9<\/strong><\/code><br>A te regarder <code><strong>para verte<\/strong><\/code><br>Danser et sourire <code><strong>bailar y sonre\u00edr,<\/strong><\/code><br>Et \u00e0 t&#8217;\u00e9couter <code><strong>y para escucharte<\/strong><\/code><br>Chanter et puis rire <code><strong>cantar y despu\u00e9s re\u00edr.<\/strong><\/code><br>Laisse-moi devenir <code><strong>Deja que me convierta<\/strong><\/code><br>L&#8217;ombre de ton ombre <code><strong>en la sombra de tu sombra,<\/strong><\/code><br>L&#8217;ombre de ta main <code><strong>en la sombra de tu mano,<\/strong><\/code><br>L&#8217;ombre de ton chien <code><strong>en la sombra de tu perro,<\/strong><\/code><br>Ne me quitte pas <code><strong>pero no me dejes.<\/strong><\/code><br><\/p>\n\n\n\n<p class=\"wp-block-paragraph\">Literariamente estamos ante un poema bell\u00edsimo sobre el dolor de la p\u00e9rdida. Es el dr\u00e1matico lamento de la derrota del amante. Construido con versos de solo cinco s\u00edlabas, contiene im\u00e1genes preciosas como <em>\u201colvidar aquellas horas que mataban a golpes de porqu\u00e9s el coraz\u00f3n de la felicidad\u201d<\/em>; la de <em>\u201caquellos amantes que vieron c\u00f3mo por dos veces ard\u00edan sus corazones\u201d<\/em>, en una clara s\u00faplica de una segunda oportunidad; o la de esas <em>\u201ctierras quemadas\u201d<\/em> que a pesar de ello producen m\u00e1s trigo <em>\u201cque el mejor de los abriles\u201d<\/em>. Una maravilla. Tambi\u00e9n un gui\u00f1o evidente en la cuarta estrofa a la obra de Stendhal \u201cLe rouge et le noir\u201d (Rojo y negro), una novela donde se relata otro tr\u00edo sentimental similar al que el compositor acababa de sufrir, y alg\u00fan otro quiz\u00e1 menos evidente a la obra de Garc\u00eda Lorca. Brel, buen conocedor como era de la obra de nuestro granadino universal (que, por cierto, cita en su canci\u00f3n \u201cLos Toros\u201d), utiliza las mismas evocadoras im\u00e1genes del agua o las sombras, tan lorquianas, y tambi\u00e9n esa actitud de humillaci\u00f3n, como cuando Lorca se define como \u201cperro de tu se\u00f1or\u00edo\u201d en el Soneto de la dulce queja; un soneto tambi\u00e9n, curiosamente, que llora la p\u00e9rdida de un amor prohibido, homosexual en el caso del genial Federico.<\/p>\n\n\n\n<p class=\"wp-block-paragraph\"><a href=\"https:\/\/www.poemas-del-alma.com\/soneto-de-la-dulce-queja.htm\" target=\"_blank\" rel=\"noreferrer noopener\">https:\/\/www.poemas-del-alma.com\/soneto-de-la-dulce-queja.htm<\/a><\/p>\n\n\n<div class=\"wp-block-image\">\n<figure class=\"aligncenter size-medium\"><img decoding=\"async\" width=\"199\" height=\"300\" src=\"https:\/\/cafeycorcheas.es\/wp-content\/uploads\/2022\/07\/517102665_10239129712049733_3845160372000923358_n-199x300.jpg\" alt=\"\" class=\"wp-image-1523\" srcset=\"https:\/\/cafeycorcheas.es\/wp-content\/uploads\/2022\/07\/517102665_10239129712049733_3845160372000923358_n-199x300.jpg 199w, https:\/\/cafeycorcheas.es\/wp-content\/uploads\/2022\/07\/517102665_10239129712049733_3845160372000923358_n.jpg 226w\" sizes=\"(max-width: 199px) 100vw, 199px\" \/><\/figure>\n<\/div>\n\n\n<p class=\"has-text-align-center wp-block-paragraph\"><em>Suzanne, apodada \u00abZizou\u00bb, posa ante el fot\u00f3grafo con su perro y la sombra de su perro<\/em><\/p>\n\n\n\n<p class=\"wp-block-paragraph\">Brel, en sus \u00faltimos y c\u00e9lebres versos, va todav\u00eda mucho m\u00e1s all\u00e1 al suplicar convertirse en la sombra de su sombra \u2014de su cuerpo entero\u2014, en la sombra solo de su mano o, al menos, en la de su perro. <em>L&#8217;ombre de ton ombre, l\u2019ombre de ta main, l&#8217;ombre de ton chien<\/em>. Antol\u00f3gico.<br><br>A pesar de ser su obra m\u00e1s emblem\u00e1tica, Brel detestaba cantarla. La rechazaba por aquello que representaba, por la cobard\u00eda que \u00e9l mismo cre\u00eda haber cometido. El \u00e9xito la convirti\u00f3 en su penitencia personal, en un acto continuo de expiaci\u00f3n por las culpas del pasado.<\/p>\n\n\n\n<p class=\"wp-block-paragraph\">Escucharlo interpretar as\u00ed, en ese tono casi conversacional, tan desnudo ante la c\u00e1mara, tan honesto, mientras te sostiene la mirada, es tan desgarrador que resulta dif\u00edcil de describir. Hay que tener el coraz\u00f3n como el granito para no quebrarse.<\/p>\n\n\n\n<p class=\"wp-block-paragraph\">Musicalmente es de una simpleza perturbadora. Est\u00e1 compuesto b\u00e1sicamente por el mismo patr\u00f3n de cinco notas (Mi-Mi-Fa-Mi-Mi) \u2014una por cada s\u00edlaba del verso\u2014, que se repiten tres veces por unidad mel\u00f3dica y que va descendiendo \u2014hasta el mismo infierno\u2014 paso a paso hasta morir en la nota \u201cLa\u201d. Un hecho que recuerda a ese maravilloso descenso progresivo \u2014tambi\u00e9n de un intervalo de quinta\u2014 del Si al Mi en el Preludio en Mi menor de Chopin, otra obra que adoro. Simple. \u00bfPara qu\u00e9 complicar m\u00e1s algo tan bello? He le\u00eddo como a alg\u00fan cr\u00edtico le recuerda arm\u00f3nicamente a un pasaje de la Rapsodia H\u00fangara n\u00ba6 de Liszt (el que comienza en una interpretaci\u00f3n convencional a los dos minutos, aproximadamente, de su inicio). Bueno, es posible, y m\u00e1s sabiendo que musicalmente recibi\u00f3 \u2014como siempre\u2014 las aportaciones de su pianista G\u00e9rard Jouannest, pero a\u00fan as\u00ed creo que es hilar demasiado fino.<br><br>Tiene esta obra la virtud de otras grandes canciones, compuestas simult\u00e1neamente en m\u00fasica y letra, de mantener esa correlaci\u00f3n afectiva entre aquello que se dice y c\u00f3mo se dice. Eso, musicalmente, se traduce en un ascenso de las notas en el pentagrama para resolver un ef\u00edmero optimismo del autor cuando ofrece, en las estrofas segunda y cuarta, argumentos a su invisible interlocutor para evitar que se aleje definitivamente; y hablo de optimismo ef\u00edmero porque, efectivamente, cuatro compases antes de terminar la estrofa se produce otro descenso similar coincidiendo con los \u201cNe me quitte pas\u201d, solo que m\u00e1s r\u00e1pido \u2014uno por comp\u00e1s\u2014 de las cinco notas antes citadas hasta acabar en \u201cFa\u201d para preparar de nuevo el \u201cMi\u201d de inicio de la siguiente estrofa, con el que se cierra el c\u00edrculo mel\u00f3dico, y as\u00ed poder comenzar otro nuevo descenso a los infiernos. Simple pero magistral.<\/p>\n\n\n\n<figure class=\"wp-block-image size-large\"><img decoding=\"async\" width=\"1024\" height=\"534\" src=\"https:\/\/cafeycorcheas.es\/wp-content\/uploads\/2022\/07\/518071551_10239129704449543_1337281658983184196_n-1024x534.jpg\" alt=\"\" class=\"wp-image-1524\" srcset=\"https:\/\/cafeycorcheas.es\/wp-content\/uploads\/2022\/07\/518071551_10239129704449543_1337281658983184196_n-1024x534.jpg 1024w, https:\/\/cafeycorcheas.es\/wp-content\/uploads\/2022\/07\/518071551_10239129704449543_1337281658983184196_n-300x156.jpg 300w, https:\/\/cafeycorcheas.es\/wp-content\/uploads\/2022\/07\/518071551_10239129704449543_1337281658983184196_n-768x400.jpg 768w, https:\/\/cafeycorcheas.es\/wp-content\/uploads\/2022\/07\/518071551_10239129704449543_1337281658983184196_n-1536x800.jpg 1536w, https:\/\/cafeycorcheas.es\/wp-content\/uploads\/2022\/07\/518071551_10239129704449543_1337281658983184196_n.jpg 2048w\" sizes=\"(max-width: 1024px) 100vw, 1024px\" \/><figcaption class=\"wp-element-caption\"><em>El progresivo descenso a los infiernos, como yo lo llamo, en un intervalo de quinta<\/em><\/figcaption><\/figure>\n\n\n\n<p class=\"wp-block-paragraph\"><\/p>\n\n\n\n<p class=\"wp-block-paragraph\">Otro tema es que a pesar de que las partituras habitualmente las encontramos en Do, la canci\u00f3n siempre la cantaba Brel en la escala de Si mayor (Mib-Mib-Mi-Mib-Mib). Reconozco que no tengo ni idea por qu\u00e9 no he encontrado por el momento una partitura con la armadura en Si. Cuando la encuentre la expondr\u00e9 aqu\u00ed.<br><br>Esta joya se ha versionado m\u00e1s de tres mil veces en decenas de idiomas, en lo que me parece una falta de respeto al poema original. O lo cantas en franc\u00e9s o no lo cantes. El suced\u00e1neo en ingl\u00e9s, por ejemplo, poco o nada tiene que ver con el poema original y es una basura incluso en la voz de Sinatra. Es como una gaseosa sin fuerza; dulce, pero agua solamente. Lo mismo ocurre con versiones en espa\u00f1ol o en italiano. Todos han querido versionar este tema, cuando el poema es tan intenso que si no se canta desde las \u201ctripas\u201d es mejor no abordarlo siquiera. M\u00e1s de tres mil versiones y todas eclipsadas por la presencia esc\u00e9nica, sudorosa, fantasmal y doliente de Jacques Brel \u2014especialmente en el v\u00eddeo que comparto en esta nota\u2014 que hace palidecer al resto. Solo un pu\u00f1ado de interpretaciones son dignas de la grandeza de esta canci\u00f3n, y una de ellas fue la de nuestra Mari Trini, que recibi\u00f3 por ella incluso una carta de admiraci\u00f3n del propio Brel. Y ahora, s\u00ed, con Mari Trini y el peque\u00f1o homenaje a esta cantautora de mi infancia cierro yo tambi\u00e9n mi c\u00edrculo particular de esta nota.<br><br>Por \u00faltimo, naturalmente, el v\u00eddeo eterno de la interpretaci\u00f3n de Jacques Brel.<br><a href=\"https:\/\/www.youtube.com\/watch?v=41od-lgSQgI\">https:\/\/www.youtube.com\/watch?v=41od-lgSQgI<\/a><\/p>\n\n\n\n<p class=\"wp-block-paragraph\"><\/p>\n\n\n\n<p class=\"wp-block-paragraph\"><\/p>\n","protected":false},"excerpt":{"rendered":"<p>\u201cNo me quite el pan\u201d es mi primer recuerdo de esta canci\u00f3n. Era el remedo infantil de esta joya musical cuando se hizo tan popular en nuestro pa\u00eds al principio de los a\u00f1os setenta versionada por Mari Trini. \u201cNo me quite el pan\u201d recuerdo que repet\u00eda a la hora de la comida con simulada afectaci\u00f3n. [&hellip;]<\/p>\n","protected":false},"author":1,"featured_media":1520,"comment_status":"open","ping_status":"open","sticky":false,"template":"","format":"standard","meta":{"footnotes":""},"categories":[44],"tags":[],"class_list":["post-1519","post","type-post","status-publish","format-standard","has-post-thumbnail","hentry","category-analisis"],"yoast_head":"<!-- This site is optimized with the Yoast SEO plugin v28.3 - https:\/\/yoast.com\/product\/yoast-seo-wordpress\/ -->\n<title>Ne me quitte pas - Caf\u00e9 &amp; corcheas<\/title>\n<meta name=\"robots\" content=\"index, follow, max-snippet:-1, max-image-preview:large, max-video-preview:-1\" \/>\n<link rel=\"canonical\" href=\"https:\/\/cafeycorcheas.es\/?p=1519\" \/>\n<meta property=\"og:locale\" content=\"es_ES\" \/>\n<meta property=\"og:type\" content=\"article\" \/>\n<meta property=\"og:title\" content=\"Ne me quitte pas - Caf\u00e9 &amp; corcheas\" \/>\n<meta property=\"og:description\" content=\"\u201cNo me quite el pan\u201d es mi primer recuerdo de esta canci\u00f3n. Era el remedo infantil de esta joya musical cuando se hizo tan popular en nuestro pa\u00eds al principio de los a\u00f1os setenta versionada por Mari Trini. \u201cNo me quite el pan\u201d recuerdo que repet\u00eda a la hora de la comida con simulada afectaci\u00f3n. [&hellip;]\" \/>\n<meta property=\"og:url\" content=\"https:\/\/cafeycorcheas.es\/?p=1519\" \/>\n<meta property=\"og:site_name\" content=\"Caf\u00e9 &amp; corcheas\" \/>\n<meta property=\"article:published_time\" content=\"2025-10-16T02:50:00+00:00\" \/>\n<meta property=\"article:modified_time\" content=\"2025-11-08T15:46:04+00:00\" \/>\n<meta property=\"og:image\" content=\"https:\/\/cafeycorcheas.es\/wp-content\/uploads\/2025\/11\/jacques-brel.webp\" \/>\n\t<meta property=\"og:image:width\" content=\"1200\" \/>\n\t<meta property=\"og:image:height\" content=\"675\" \/>\n\t<meta property=\"og:image:type\" content=\"image\/webp\" \/>\n<meta name=\"author\" content=\"Enrique Goberna\" \/>\n<meta name=\"twitter:card\" content=\"summary_large_image\" \/>\n<meta name=\"twitter:label1\" content=\"Escrito por\" \/>\n\t<meta name=\"twitter:data1\" content=\"Enrique Goberna\" \/>\n\t<meta name=\"twitter:label2\" content=\"Tiempo de lectura\" \/>\n\t<meta name=\"twitter:data2\" content=\"10 minutos\" \/>\n<script type=\"application\/ld+json\" class=\"yoast-schema-graph\">{\"@context\":\"https:\\\/\\\/schema.org\",\"@graph\":[{\"@type\":\"Article\",\"@id\":\"https:\\\/\\\/cafeycorcheas.es\\\/?p=1519#article\",\"isPartOf\":{\"@id\":\"https:\\\/\\\/cafeycorcheas.es\\\/?p=1519\"},\"author\":{\"name\":\"Enrique Goberna\",\"@id\":\"https:\\\/\\\/cafeycorcheas.es\\\/#\\\/schema\\\/person\\\/8775a327ca0a5000474d24d409e8f854\"},\"headline\":\"Ne me quitte pas\",\"datePublished\":\"2025-10-16T02:50:00+00:00\",\"dateModified\":\"2025-11-08T15:46:04+00:00\",\"mainEntityOfPage\":{\"@id\":\"https:\\\/\\\/cafeycorcheas.es\\\/?p=1519\"},\"wordCount\":1833,\"commentCount\":0,\"publisher\":{\"@id\":\"https:\\\/\\\/cafeycorcheas.es\\\/#\\\/schema\\\/person\\\/8775a327ca0a5000474d24d409e8f854\"},\"image\":{\"@id\":\"https:\\\/\\\/cafeycorcheas.es\\\/?p=1519#primaryimage\"},\"thumbnailUrl\":\"https:\\\/\\\/cafeycorcheas.es\\\/wp-content\\\/uploads\\\/2025\\\/11\\\/jacques-brel.webp\",\"articleSection\":[\"An\u00e1lisis\"],\"inLanguage\":\"es\",\"potentialAction\":[{\"@type\":\"CommentAction\",\"name\":\"Comment\",\"target\":[\"https:\\\/\\\/cafeycorcheas.es\\\/?p=1519#respond\"]}]},{\"@type\":\"WebPage\",\"@id\":\"https:\\\/\\\/cafeycorcheas.es\\\/?p=1519\",\"url\":\"https:\\\/\\\/cafeycorcheas.es\\\/?p=1519\",\"name\":\"Ne me quitte pas - Caf\u00e9 &amp; corcheas\",\"isPartOf\":{\"@id\":\"https:\\\/\\\/cafeycorcheas.es\\\/#website\"},\"primaryImageOfPage\":{\"@id\":\"https:\\\/\\\/cafeycorcheas.es\\\/?p=1519#primaryimage\"},\"image\":{\"@id\":\"https:\\\/\\\/cafeycorcheas.es\\\/?p=1519#primaryimage\"},\"thumbnailUrl\":\"https:\\\/\\\/cafeycorcheas.es\\\/wp-content\\\/uploads\\\/2025\\\/11\\\/jacques-brel.webp\",\"datePublished\":\"2025-10-16T02:50:00+00:00\",\"dateModified\":\"2025-11-08T15:46:04+00:00\",\"breadcrumb\":{\"@id\":\"https:\\\/\\\/cafeycorcheas.es\\\/?p=1519#breadcrumb\"},\"inLanguage\":\"es\",\"potentialAction\":[{\"@type\":\"ReadAction\",\"target\":[\"https:\\\/\\\/cafeycorcheas.es\\\/?p=1519\"]}]},{\"@type\":\"ImageObject\",\"inLanguage\":\"es\",\"@id\":\"https:\\\/\\\/cafeycorcheas.es\\\/?p=1519#primaryimage\",\"url\":\"https:\\\/\\\/cafeycorcheas.es\\\/wp-content\\\/uploads\\\/2025\\\/11\\\/jacques-brel.webp\",\"contentUrl\":\"https:\\\/\\\/cafeycorcheas.es\\\/wp-content\\\/uploads\\\/2025\\\/11\\\/jacques-brel.webp\",\"width\":1200,\"height\":675},{\"@type\":\"BreadcrumbList\",\"@id\":\"https:\\\/\\\/cafeycorcheas.es\\\/?p=1519#breadcrumb\",\"itemListElement\":[{\"@type\":\"ListItem\",\"position\":1,\"name\":\"Portada\",\"item\":\"https:\\\/\\\/cafeycorcheas.es\\\/\"},{\"@type\":\"ListItem\",\"position\":2,\"name\":\"Ne me quitte pas\"}]},{\"@type\":\"WebSite\",\"@id\":\"https:\\\/\\\/cafeycorcheas.es\\\/#website\",\"url\":\"https:\\\/\\\/cafeycorcheas.es\\\/\",\"name\":\"Caf\u00e9 & corcheas\",\"description\":\"Blog de m\u00fasica cl\u00e1sica. Si alguna vez pensaste que no entiendes de m\u00fasica es probablemente porque nadie te la explic\u00f3 bien. Exploraremos sinfon\u00edas, conciertos y partituras con humor, curiosidad y cierta insolencia. Si tienes orejas eres bienvenido.\",\"publisher\":{\"@id\":\"https:\\\/\\\/cafeycorcheas.es\\\/#\\\/schema\\\/person\\\/8775a327ca0a5000474d24d409e8f854\"},\"alternateName\":\"Caf\u00e9 & Corcheas - M\u00fasica Cl\u00e1sica, An\u00e1lisis Musical y An\u00e9cdotas.\",\"potentialAction\":[{\"@type\":\"SearchAction\",\"target\":{\"@type\":\"EntryPoint\",\"urlTemplate\":\"https:\\\/\\\/cafeycorcheas.es\\\/?s={search_term_string}\"},\"query-input\":{\"@type\":\"PropertyValueSpecification\",\"valueRequired\":true,\"valueName\":\"search_term_string\"}}],\"inLanguage\":\"es\"},{\"@type\":[\"Person\",\"Organization\"],\"@id\":\"https:\\\/\\\/cafeycorcheas.es\\\/#\\\/schema\\\/person\\\/8775a327ca0a5000474d24d409e8f854\",\"name\":\"Enrique Goberna\",\"image\":{\"@type\":\"ImageObject\",\"inLanguage\":\"es\",\"@id\":\"https:\\\/\\\/cafeycorcheas.es\\\/wp-content\\\/uploads\\\/2025\\\/11\\\/solo-logo-1.svg\",\"url\":\"https:\\\/\\\/cafeycorcheas.es\\\/wp-content\\\/uploads\\\/2025\\\/11\\\/solo-logo-1.svg\",\"contentUrl\":\"https:\\\/\\\/cafeycorcheas.es\\\/wp-content\\\/uploads\\\/2025\\\/11\\\/solo-logo-1.svg\",\"width\":100,\"height\":70,\"caption\":\"Enrique Goberna\"},\"logo\":{\"@id\":\"https:\\\/\\\/cafeycorcheas.es\\\/wp-content\\\/uploads\\\/2025\\\/11\\\/solo-logo-1.svg\"},\"sameAs\":[\"https:\\\/\\\/cafeycorcheas.es\"],\"url\":\"https:\\\/\\\/cafeycorcheas.es\\\/?author=1\"}]}<\/script>\n<!-- \/ Yoast SEO plugin. -->","yoast_head_json":{"title":"Ne me quitte pas - Caf\u00e9 &amp; corcheas","robots":{"index":"index","follow":"follow","max-snippet":"max-snippet:-1","max-image-preview":"max-image-preview:large","max-video-preview":"max-video-preview:-1"},"canonical":"https:\/\/cafeycorcheas.es\/?p=1519","og_locale":"es_ES","og_type":"article","og_title":"Ne me quitte pas - Caf\u00e9 &amp; corcheas","og_description":"\u201cNo me quite el pan\u201d es mi primer recuerdo de esta canci\u00f3n. Era el remedo infantil de esta joya musical cuando se hizo tan popular en nuestro pa\u00eds al principio de los a\u00f1os setenta versionada por Mari Trini. \u201cNo me quite el pan\u201d recuerdo que repet\u00eda a la hora de la comida con simulada afectaci\u00f3n. [&hellip;]","og_url":"https:\/\/cafeycorcheas.es\/?p=1519","og_site_name":"Caf\u00e9 &amp; corcheas","article_published_time":"2025-10-16T02:50:00+00:00","article_modified_time":"2025-11-08T15:46:04+00:00","og_image":[{"width":1200,"height":675,"url":"https:\/\/cafeycorcheas.es\/wp-content\/uploads\/2025\/11\/jacques-brel.webp","type":"image\/webp"}],"author":"Enrique Goberna","twitter_card":"summary_large_image","twitter_misc":{"Escrito por":"Enrique Goberna","Tiempo de lectura":"10 minutos"},"schema":{"@context":"https:\/\/schema.org","@graph":[{"@type":"Article","@id":"https:\/\/cafeycorcheas.es\/?p=1519#article","isPartOf":{"@id":"https:\/\/cafeycorcheas.es\/?p=1519"},"author":{"name":"Enrique Goberna","@id":"https:\/\/cafeycorcheas.es\/#\/schema\/person\/8775a327ca0a5000474d24d409e8f854"},"headline":"Ne me quitte pas","datePublished":"2025-10-16T02:50:00+00:00","dateModified":"2025-11-08T15:46:04+00:00","mainEntityOfPage":{"@id":"https:\/\/cafeycorcheas.es\/?p=1519"},"wordCount":1833,"commentCount":0,"publisher":{"@id":"https:\/\/cafeycorcheas.es\/#\/schema\/person\/8775a327ca0a5000474d24d409e8f854"},"image":{"@id":"https:\/\/cafeycorcheas.es\/?p=1519#primaryimage"},"thumbnailUrl":"https:\/\/cafeycorcheas.es\/wp-content\/uploads\/2025\/11\/jacques-brel.webp","articleSection":["An\u00e1lisis"],"inLanguage":"es","potentialAction":[{"@type":"CommentAction","name":"Comment","target":["https:\/\/cafeycorcheas.es\/?p=1519#respond"]}]},{"@type":"WebPage","@id":"https:\/\/cafeycorcheas.es\/?p=1519","url":"https:\/\/cafeycorcheas.es\/?p=1519","name":"Ne me quitte pas - Caf\u00e9 &amp; corcheas","isPartOf":{"@id":"https:\/\/cafeycorcheas.es\/#website"},"primaryImageOfPage":{"@id":"https:\/\/cafeycorcheas.es\/?p=1519#primaryimage"},"image":{"@id":"https:\/\/cafeycorcheas.es\/?p=1519#primaryimage"},"thumbnailUrl":"https:\/\/cafeycorcheas.es\/wp-content\/uploads\/2025\/11\/jacques-brel.webp","datePublished":"2025-10-16T02:50:00+00:00","dateModified":"2025-11-08T15:46:04+00:00","breadcrumb":{"@id":"https:\/\/cafeycorcheas.es\/?p=1519#breadcrumb"},"inLanguage":"es","potentialAction":[{"@type":"ReadAction","target":["https:\/\/cafeycorcheas.es\/?p=1519"]}]},{"@type":"ImageObject","inLanguage":"es","@id":"https:\/\/cafeycorcheas.es\/?p=1519#primaryimage","url":"https:\/\/cafeycorcheas.es\/wp-content\/uploads\/2025\/11\/jacques-brel.webp","contentUrl":"https:\/\/cafeycorcheas.es\/wp-content\/uploads\/2025\/11\/jacques-brel.webp","width":1200,"height":675},{"@type":"BreadcrumbList","@id":"https:\/\/cafeycorcheas.es\/?p=1519#breadcrumb","itemListElement":[{"@type":"ListItem","position":1,"name":"Portada","item":"https:\/\/cafeycorcheas.es\/"},{"@type":"ListItem","position":2,"name":"Ne me quitte pas"}]},{"@type":"WebSite","@id":"https:\/\/cafeycorcheas.es\/#website","url":"https:\/\/cafeycorcheas.es\/","name":"Caf\u00e9 & corcheas","description":"Blog de m\u00fasica cl\u00e1sica. Si alguna vez pensaste que no entiendes de m\u00fasica es probablemente porque nadie te la explic\u00f3 bien. Exploraremos sinfon\u00edas, conciertos y partituras con humor, curiosidad y cierta insolencia. Si tienes orejas eres bienvenido.","publisher":{"@id":"https:\/\/cafeycorcheas.es\/#\/schema\/person\/8775a327ca0a5000474d24d409e8f854"},"alternateName":"Caf\u00e9 & Corcheas - M\u00fasica Cl\u00e1sica, An\u00e1lisis Musical y An\u00e9cdotas.","potentialAction":[{"@type":"SearchAction","target":{"@type":"EntryPoint","urlTemplate":"https:\/\/cafeycorcheas.es\/?s={search_term_string}"},"query-input":{"@type":"PropertyValueSpecification","valueRequired":true,"valueName":"search_term_string"}}],"inLanguage":"es"},{"@type":["Person","Organization"],"@id":"https:\/\/cafeycorcheas.es\/#\/schema\/person\/8775a327ca0a5000474d24d409e8f854","name":"Enrique Goberna","image":{"@type":"ImageObject","inLanguage":"es","@id":"https:\/\/cafeycorcheas.es\/wp-content\/uploads\/2025\/11\/solo-logo-1.svg","url":"https:\/\/cafeycorcheas.es\/wp-content\/uploads\/2025\/11\/solo-logo-1.svg","contentUrl":"https:\/\/cafeycorcheas.es\/wp-content\/uploads\/2025\/11\/solo-logo-1.svg","width":100,"height":70,"caption":"Enrique Goberna"},"logo":{"@id":"https:\/\/cafeycorcheas.es\/wp-content\/uploads\/2025\/11\/solo-logo-1.svg"},"sameAs":["https:\/\/cafeycorcheas.es"],"url":"https:\/\/cafeycorcheas.es\/?author=1"}]}},"_links":{"self":[{"href":"https:\/\/cafeycorcheas.es\/index.php?rest_route=\/wp\/v2\/posts\/1519","targetHints":{"allow":["GET"]}}],"collection":[{"href":"https:\/\/cafeycorcheas.es\/index.php?rest_route=\/wp\/v2\/posts"}],"about":[{"href":"https:\/\/cafeycorcheas.es\/index.php?rest_route=\/wp\/v2\/types\/post"}],"author":[{"embeddable":true,"href":"https:\/\/cafeycorcheas.es\/index.php?rest_route=\/wp\/v2\/users\/1"}],"replies":[{"embeddable":true,"href":"https:\/\/cafeycorcheas.es\/index.php?rest_route=%2Fwp%2Fv2%2Fcomments&post=1519"}],"version-history":[{"count":12,"href":"https:\/\/cafeycorcheas.es\/index.php?rest_route=\/wp\/v2\/posts\/1519\/revisions"}],"predecessor-version":[{"id":1599,"href":"https:\/\/cafeycorcheas.es\/index.php?rest_route=\/wp\/v2\/posts\/1519\/revisions\/1599"}],"wp:featuredmedia":[{"embeddable":true,"href":"https:\/\/cafeycorcheas.es\/index.php?rest_route=\/wp\/v2\/media\/1520"}],"wp:attachment":[{"href":"https:\/\/cafeycorcheas.es\/index.php?rest_route=%2Fwp%2Fv2%2Fmedia&parent=1519"}],"wp:term":[{"taxonomy":"category","embeddable":true,"href":"https:\/\/cafeycorcheas.es\/index.php?rest_route=%2Fwp%2Fv2%2Fcategories&post=1519"},{"taxonomy":"post_tag","embeddable":true,"href":"https:\/\/cafeycorcheas.es\/index.php?rest_route=%2Fwp%2Fv2%2Ftags&post=1519"}],"curies":[{"name":"wp","href":"https:\/\/api.w.org\/{rel}","templated":true}]}}