{"id":1493,"date":"2025-10-10T04:06:00","date_gmt":"2025-10-10T02:06:00","guid":{"rendered":"https:\/\/cafeycorcheas.es\/?p=1493"},"modified":"2025-11-08T22:39:18","modified_gmt":"2025-11-08T21:39:18","slug":"clara-schumann-y-brahms-amor-en-la-mayor-iii-parte-y-ultima","status":"publish","type":"post","link":"https:\/\/cafeycorcheas.es\/?p=1493","title":{"rendered":"Clara Schumann y Brahms: amor en La mayor&#8230; (III parte y \u00faltima)"},"content":{"rendered":"\n<p class=\"wp-block-paragraph\">\u00bfFue s\u00f3lo un amor plat\u00f3nico el de Clara Schumann y Brahms? Parece que no. Durante el internamiento de Robert, Brahms ya ten\u00eda un juego de llaves Lince de la casa de los Schumann, y parece que a su muerte sus visitas a la casa de Clara se hicieron cada vez m\u00e1s continuas. Los ni\u00f1os adoraban a Johannes, e incluso fue el padrino del \u00faltimo hijo de la pareja, el peque\u00f1o F\u00e9lix (en homenaje a F\u00e9lix Mendelsshon, gran amigo del matrimonio que hab\u00eda fallecido unos a\u00f1os antes). Tras la muerte de Robert, Johannes Brahms fue la mejor ayuda. Sus visitas eran el \u00fanico consuelo para Clara, tanto, que el joven Brahms lleg\u00f3 a convertirse en un miembro m\u00e1s de la numerosa familia Schumann. Mucho se ha especulado sobre la \u00edntima relaci\u00f3n entre Clara y Johannes Brahms. Nadie puede negar que hubo amor entre ellos, pero tampoco ha sido posible determinar con exactitud hasta d\u00f3nde lleg\u00f3. Pero en su biograf\u00eda encontramos algunos pasajes que nos dan pistas definitivas. En agosto de 1858, dos a\u00f1os despu\u00e9s de la desaparici\u00f3n de Robert, los \u00abamigos\u00bb compartieron una embarcaci\u00f3n donde recorrieron el Rhin durante 20 largas noches. Hombre, no era un Symca 1000, pero para el caso es igual. Otra circunstancia que nos hace pensar que durante ese viaje hubo intercambio de fluidos corporales y material biol\u00f3gico (\u00a1con qu\u00e9 delicadeza lo he dicho!) es que unos meses despu\u00e9s, cuando Brahms estaba tir\u00e1ndole los tejos a una cantante, Clara Schumann sufri\u00f3 lo que pod\u00edamos definir como un ataque de cuernos y le dijo al rubio hamburgu\u00e9s: \u00abTe voy a decir una cosita, Juanito, pa ti pa m\u00ed&#8230; a partir de ahora t\u00fa y yo quedamos como amigos\u00bb. No hace falta mucha inteligencia para deducir que si despu\u00e9s de aquello quedaban como amigos, es que en alg\u00fan momento hubo algo m\u00e1s entre ellos&#8230; Tampoco se conoce mucho m\u00e1s porque los hijos de Clara Schumann, para preservar la memoria de sus padres y del propio Brahms, parece que eliminaron la correpondencia m\u00e1s delatadora de los dos amantes. \u00a1Ah!, por cierto, Brahms, ante la petici\u00f3n de matrimonio por parte de la cantante antes citada puso pies en polvorosa. Se mantuvo soltero, aunque no entero, hasta el fin de sus d\u00edas.<br><\/p>\n\n\n\n<p class=\"wp-block-paragraph\">A partir de ah\u00ed, el afecto que se profesaban Clara y Johannes (m\u00e1s que afecto, un amor nunca disimulado en el caso de Brahms) hizo que mantuviesen contacto permanente durante toda su vida. Miles de cartas, y cuando digo miles no estoy exagerando, se enviaron Clara y Brahms durante cuarenta a\u00f1os.&nbsp;Durante todo este tiempo, Brahms compuso obras para piano y de c\u00e1mara pensando siempre en Clara, y no sol\u00eda enviar una obra a la imprenta sin el visto bueno de su querida amiga, cuyo gusto musical consideraba infalible.<\/p>\n\n\n\n<p class=\"wp-block-paragraph\">Contaba Clara Schumann con m\u00e1s de 70 a\u00f1os cuando su salud empez\u00f3 a empeorar, y Brahms en previsi\u00f3n del desenlace, confes\u00f3 en una carta a Clara: <em>\u00abEstoy habituado a la soledad y necesitar\u00e9 estarlo\u00a0<\/em><em>ante la perspectiva del enorme vac\u00edo que debo afrontar.\u00a0<\/em><em>Pero d\u00e9jame repetirte hoy que t\u00fa y tu marido hab\u00e9is sido\u00a0<\/em><em>la experiencia m\u00e1s hermosa de mi vida, y represent\u00e1is\u00a0<\/em><em>cuanto hay en ella de m\u00e1s rico y noble\u201d\u00a0<\/em>. En esa \u00e9poca, le dedic\u00f3 a Clara su Op.117 y su Op.118 (que escucharemos despu\u00e9s), adem\u00e1s de sus \u00abCuatro canciones serias\u00bb Op.121&#8230; unas canciones de despedida a Clara, el amor de su vida.\u00a0\u00a0<\/p>\n\n\n\n<p class=\"wp-block-paragraph\">De las \u00abSeis piezas para piano, Op.118\u00bb os propongo que escuch\u00e9is la n\u00ba 2. Como todas ellas, fue dedicada a Clara Schumann en el final de sus d\u00edas, y es una de las piezas para piano m\u00e1s fant\u00e1sticas y conmovedoras que he escuchado jam\u00e1s. Es una aut\u00e9ntica delicia. Al escuchar esta m\u00fasica y conocer las circunstancias en que se compuso, siempre me evoca im\u00e1genes de unas noches de agosto en que los amantes compartieron su amor en las aguas del Rhin. Quiero creer que Clara y Johannes cuando se acercaba el final, evocaron lo mismo que yo (como Salvatore reencontr\u00e1ndose con su pasado en la m\u00edtica escena final de \u00abCinema Paradiso\u00bb). Podr\u00eda pasarme un d\u00eda y otro escuchando esta composici\u00f3n con la funci\u00f3n \u00abrepeat\u00bb. La versi\u00f3n es simplemente la mejor de cuantas he escuchado, y he escuchado much\u00edsimas. &nbsp;Imprescindible. No s\u00f3lo imprescindible&#8230; tambi\u00e9n inolvidable.&nbsp;<\/p>\n\n\n\n<p class=\"wp-block-paragraph\"><a href=\"https:\/\/l.facebook.com\/l.php?u=https%3A%2F%2Fwww.youtube.com%2Fwatch%3Fv%3DWLOXOz5chRY%26fbclid%3DIwZXh0bgNhZW0CMTAAYnJpZBEwc2Z6d2wxUEpsU2h5c2JNU3NydGMGYXBwX2lkEDIyMjAzOTE3ODgyMDA4OTIAAR7UuXMX1-FzzoibSVC-vLT_kyGfod5Ak6yvgJISocUtfjoUzzBurMToaaDsng_aem_Xx3Ei0EChsd_x_Ud25znAQ&amp;h=AT0GymjzI-qpcm8viOtx0qJ_EZyaVunjGLGsYFLP09wTaXQlD9rwxGe7-7MPRUGGiHyL8ZBhGsdeTEHUk212JkAOF8PYFeatmprkes4rVHEWAQAcMoUzBqxCZP0iTvMaG1QZMnStAV_Hm8m8Is7aneXXGRjlx064\" rel=\"noreferrer noopener\" target=\"_blank\">Intermezzo Op.118 n\u00ba2 en La mayor<\/a><\/p>\n\n\n\n<p class=\"wp-block-paragraph\"><em>Nota: Vosotros, que hab\u00e9is llegado hasta el final del ladrillo, merec\u00edais que me despidiese con esta maravilla. Como veis, el esfuerzo tiene su recompensa. Si no conoc\u00edais esta pieza para piano, imagino que ahora me estar\u00e9is eternamente agradecidos&#8230; \ud83d\ude09 pero agradec\u00e9dmelo divulg\u00e1ndola. Todo el mundo merece escucharla.<\/em><\/p>\n","protected":false},"excerpt":{"rendered":"<p>\u00bfFue s\u00f3lo un amor plat\u00f3nico el de Clara Schumann y Brahms? Parece que no. Durante el internamiento de Robert, Brahms ya ten\u00eda un juego de llaves Lince de la casa de los Schumann, y parece que a su muerte sus visitas a la casa de Clara se hicieron cada vez m\u00e1s continuas. Los ni\u00f1os adoraban [&hellip;]<\/p>\n","protected":false},"author":1,"featured_media":1488,"comment_status":"open","ping_status":"open","sticky":false,"template":"","format":"standard","meta":{"footnotes":""},"categories":[43],"tags":[],"class_list":["post-1493","post","type-post","status-publish","format-standard","has-post-thumbnail","hentry","category-anecdotas"],"yoast_head":"<!-- This site is optimized with the Yoast SEO plugin v28.3 - https:\/\/yoast.com\/product\/yoast-seo-wordpress\/ -->\n<title>Clara Schumann y Brahms: amor en La mayor... (III parte y \u00faltima) - Caf\u00e9 &amp; corcheas<\/title>\n<meta name=\"robots\" content=\"index, follow, max-snippet:-1, max-image-preview:large, max-video-preview:-1\" \/>\n<link rel=\"canonical\" href=\"https:\/\/cafeycorcheas.es\/?p=1493\" \/>\n<meta property=\"og:locale\" content=\"es_ES\" \/>\n<meta property=\"og:type\" content=\"article\" \/>\n<meta property=\"og:title\" content=\"Clara Schumann y Brahms: amor en La mayor... (III parte y \u00faltima) - Caf\u00e9 &amp; corcheas\" \/>\n<meta property=\"og:description\" content=\"\u00bfFue s\u00f3lo un amor plat\u00f3nico el de Clara Schumann y Brahms? Parece que no. Durante el internamiento de Robert, Brahms ya ten\u00eda un juego de llaves Lince de la casa de los Schumann, y parece que a su muerte sus visitas a la casa de Clara se hicieron cada vez m\u00e1s continuas. Los ni\u00f1os adoraban [&hellip;]\" \/>\n<meta property=\"og:url\" content=\"https:\/\/cafeycorcheas.es\/?p=1493\" \/>\n<meta property=\"og:site_name\" content=\"Caf\u00e9 &amp; corcheas\" \/>\n<meta property=\"article:published_time\" content=\"2025-10-10T02:06:00+00:00\" \/>\n<meta property=\"article:modified_time\" content=\"2025-11-08T21:39:18+00:00\" \/>\n<meta property=\"og:image\" content=\"https:\/\/cafeycorcheas.es\/wp-content\/uploads\/2025\/11\/c78909b532abd71bc2bb3ef69879ca70-1550162653.jpg\" \/>\n\t<meta property=\"og:image:width\" content=\"1920\" \/>\n\t<meta property=\"og:image:height\" content=\"1077\" \/>\n\t<meta property=\"og:image:type\" content=\"image\/jpeg\" \/>\n<meta name=\"author\" content=\"Enrique Goberna\" \/>\n<meta name=\"twitter:card\" content=\"summary_large_image\" \/>\n<meta name=\"twitter:label1\" content=\"Escrito por\" \/>\n\t<meta name=\"twitter:data1\" content=\"Enrique Goberna\" \/>\n\t<meta name=\"twitter:label2\" content=\"Tiempo de lectura\" \/>\n\t<meta name=\"twitter:data2\" content=\"4 minutos\" \/>\n<script type=\"application\/ld+json\" class=\"yoast-schema-graph\">{\"@context\":\"https:\\\/\\\/schema.org\",\"@graph\":[{\"@type\":\"Article\",\"@id\":\"https:\\\/\\\/cafeycorcheas.es\\\/?p=1493#article\",\"isPartOf\":{\"@id\":\"https:\\\/\\\/cafeycorcheas.es\\\/?p=1493\"},\"author\":{\"name\":\"Enrique Goberna\",\"@id\":\"https:\\\/\\\/cafeycorcheas.es\\\/#\\\/schema\\\/person\\\/8775a327ca0a5000474d24d409e8f854\"},\"headline\":\"Clara Schumann y Brahms: amor en La mayor&#8230; (III parte y \u00faltima)\",\"datePublished\":\"2025-10-10T02:06:00+00:00\",\"dateModified\":\"2025-11-08T21:39:18+00:00\",\"mainEntityOfPage\":{\"@id\":\"https:\\\/\\\/cafeycorcheas.es\\\/?p=1493\"},\"wordCount\":840,\"commentCount\":0,\"publisher\":{\"@id\":\"https:\\\/\\\/cafeycorcheas.es\\\/#\\\/schema\\\/person\\\/8775a327ca0a5000474d24d409e8f854\"},\"image\":{\"@id\":\"https:\\\/\\\/cafeycorcheas.es\\\/?p=1493#primaryimage\"},\"thumbnailUrl\":\"https:\\\/\\\/cafeycorcheas.es\\\/wp-content\\\/uploads\\\/2025\\\/11\\\/c78909b532abd71bc2bb3ef69879ca70-1550162653.jpg\",\"articleSection\":[\"AN\u00c9CDOTAS\"],\"inLanguage\":\"es\",\"potentialAction\":[{\"@type\":\"CommentAction\",\"name\":\"Comment\",\"target\":[\"https:\\\/\\\/cafeycorcheas.es\\\/?p=1493#respond\"]}]},{\"@type\":\"WebPage\",\"@id\":\"https:\\\/\\\/cafeycorcheas.es\\\/?p=1493\",\"url\":\"https:\\\/\\\/cafeycorcheas.es\\\/?p=1493\",\"name\":\"Clara Schumann y Brahms: amor en La mayor... (III parte y \u00faltima) - Caf\u00e9 &amp; corcheas\",\"isPartOf\":{\"@id\":\"https:\\\/\\\/cafeycorcheas.es\\\/#website\"},\"primaryImageOfPage\":{\"@id\":\"https:\\\/\\\/cafeycorcheas.es\\\/?p=1493#primaryimage\"},\"image\":{\"@id\":\"https:\\\/\\\/cafeycorcheas.es\\\/?p=1493#primaryimage\"},\"thumbnailUrl\":\"https:\\\/\\\/cafeycorcheas.es\\\/wp-content\\\/uploads\\\/2025\\\/11\\\/c78909b532abd71bc2bb3ef69879ca70-1550162653.jpg\",\"datePublished\":\"2025-10-10T02:06:00+00:00\",\"dateModified\":\"2025-11-08T21:39:18+00:00\",\"breadcrumb\":{\"@id\":\"https:\\\/\\\/cafeycorcheas.es\\\/?p=1493#breadcrumb\"},\"inLanguage\":\"es\",\"potentialAction\":[{\"@type\":\"ReadAction\",\"target\":[\"https:\\\/\\\/cafeycorcheas.es\\\/?p=1493\"]}]},{\"@type\":\"ImageObject\",\"inLanguage\":\"es\",\"@id\":\"https:\\\/\\\/cafeycorcheas.es\\\/?p=1493#primaryimage\",\"url\":\"https:\\\/\\\/cafeycorcheas.es\\\/wp-content\\\/uploads\\\/2025\\\/11\\\/c78909b532abd71bc2bb3ef69879ca70-1550162653.jpg\",\"contentUrl\":\"https:\\\/\\\/cafeycorcheas.es\\\/wp-content\\\/uploads\\\/2025\\\/11\\\/c78909b532abd71bc2bb3ef69879ca70-1550162653.jpg\",\"width\":1920,\"height\":1077},{\"@type\":\"BreadcrumbList\",\"@id\":\"https:\\\/\\\/cafeycorcheas.es\\\/?p=1493#breadcrumb\",\"itemListElement\":[{\"@type\":\"ListItem\",\"position\":1,\"name\":\"Portada\",\"item\":\"https:\\\/\\\/cafeycorcheas.es\\\/\"},{\"@type\":\"ListItem\",\"position\":2,\"name\":\"Clara Schumann y Brahms: amor en La mayor&#8230; (III parte y \u00faltima)\"}]},{\"@type\":\"WebSite\",\"@id\":\"https:\\\/\\\/cafeycorcheas.es\\\/#website\",\"url\":\"https:\\\/\\\/cafeycorcheas.es\\\/\",\"name\":\"Caf\u00e9 & corcheas\",\"description\":\"Blog de m\u00fasica cl\u00e1sica. Si alguna vez pensaste que no entiendes de m\u00fasica es probablemente porque nadie te la explic\u00f3 bien. Exploraremos sinfon\u00edas, conciertos y partituras con humor, curiosidad y cierta insolencia. Si tienes orejas eres bienvenido.\",\"publisher\":{\"@id\":\"https:\\\/\\\/cafeycorcheas.es\\\/#\\\/schema\\\/person\\\/8775a327ca0a5000474d24d409e8f854\"},\"alternateName\":\"Caf\u00e9 & Corcheas - M\u00fasica Cl\u00e1sica, An\u00e1lisis Musical y An\u00e9cdotas.\",\"potentialAction\":[{\"@type\":\"SearchAction\",\"target\":{\"@type\":\"EntryPoint\",\"urlTemplate\":\"https:\\\/\\\/cafeycorcheas.es\\\/?s={search_term_string}\"},\"query-input\":{\"@type\":\"PropertyValueSpecification\",\"valueRequired\":true,\"valueName\":\"search_term_string\"}}],\"inLanguage\":\"es\"},{\"@type\":[\"Person\",\"Organization\"],\"@id\":\"https:\\\/\\\/cafeycorcheas.es\\\/#\\\/schema\\\/person\\\/8775a327ca0a5000474d24d409e8f854\",\"name\":\"Enrique Goberna\",\"image\":{\"@type\":\"ImageObject\",\"inLanguage\":\"es\",\"@id\":\"https:\\\/\\\/cafeycorcheas.es\\\/wp-content\\\/uploads\\\/2025\\\/11\\\/solo-logo-1.svg\",\"url\":\"https:\\\/\\\/cafeycorcheas.es\\\/wp-content\\\/uploads\\\/2025\\\/11\\\/solo-logo-1.svg\",\"contentUrl\":\"https:\\\/\\\/cafeycorcheas.es\\\/wp-content\\\/uploads\\\/2025\\\/11\\\/solo-logo-1.svg\",\"width\":100,\"height\":70,\"caption\":\"Enrique Goberna\"},\"logo\":{\"@id\":\"https:\\\/\\\/cafeycorcheas.es\\\/wp-content\\\/uploads\\\/2025\\\/11\\\/solo-logo-1.svg\"},\"sameAs\":[\"https:\\\/\\\/cafeycorcheas.es\"],\"url\":\"https:\\\/\\\/cafeycorcheas.es\\\/?author=1\"}]}<\/script>\n<!-- \/ Yoast SEO plugin. -->","yoast_head_json":{"title":"Clara Schumann y Brahms: amor en La mayor... (III parte y \u00faltima) - Caf\u00e9 &amp; corcheas","robots":{"index":"index","follow":"follow","max-snippet":"max-snippet:-1","max-image-preview":"max-image-preview:large","max-video-preview":"max-video-preview:-1"},"canonical":"https:\/\/cafeycorcheas.es\/?p=1493","og_locale":"es_ES","og_type":"article","og_title":"Clara Schumann y Brahms: amor en La mayor... (III parte y \u00faltima) - Caf\u00e9 &amp; corcheas","og_description":"\u00bfFue s\u00f3lo un amor plat\u00f3nico el de Clara Schumann y Brahms? Parece que no. Durante el internamiento de Robert, Brahms ya ten\u00eda un juego de llaves Lince de la casa de los Schumann, y parece que a su muerte sus visitas a la casa de Clara se hicieron cada vez m\u00e1s continuas. Los ni\u00f1os adoraban [&hellip;]","og_url":"https:\/\/cafeycorcheas.es\/?p=1493","og_site_name":"Caf\u00e9 &amp; corcheas","article_published_time":"2025-10-10T02:06:00+00:00","article_modified_time":"2025-11-08T21:39:18+00:00","og_image":[{"width":1920,"height":1077,"url":"https:\/\/cafeycorcheas.es\/wp-content\/uploads\/2025\/11\/c78909b532abd71bc2bb3ef69879ca70-1550162653.jpg","type":"image\/jpeg"}],"author":"Enrique Goberna","twitter_card":"summary_large_image","twitter_misc":{"Escrito por":"Enrique Goberna","Tiempo de lectura":"4 minutos"},"schema":{"@context":"https:\/\/schema.org","@graph":[{"@type":"Article","@id":"https:\/\/cafeycorcheas.es\/?p=1493#article","isPartOf":{"@id":"https:\/\/cafeycorcheas.es\/?p=1493"},"author":{"name":"Enrique Goberna","@id":"https:\/\/cafeycorcheas.es\/#\/schema\/person\/8775a327ca0a5000474d24d409e8f854"},"headline":"Clara Schumann y Brahms: amor en La mayor&#8230; (III parte y \u00faltima)","datePublished":"2025-10-10T02:06:00+00:00","dateModified":"2025-11-08T21:39:18+00:00","mainEntityOfPage":{"@id":"https:\/\/cafeycorcheas.es\/?p=1493"},"wordCount":840,"commentCount":0,"publisher":{"@id":"https:\/\/cafeycorcheas.es\/#\/schema\/person\/8775a327ca0a5000474d24d409e8f854"},"image":{"@id":"https:\/\/cafeycorcheas.es\/?p=1493#primaryimage"},"thumbnailUrl":"https:\/\/cafeycorcheas.es\/wp-content\/uploads\/2025\/11\/c78909b532abd71bc2bb3ef69879ca70-1550162653.jpg","articleSection":["AN\u00c9CDOTAS"],"inLanguage":"es","potentialAction":[{"@type":"CommentAction","name":"Comment","target":["https:\/\/cafeycorcheas.es\/?p=1493#respond"]}]},{"@type":"WebPage","@id":"https:\/\/cafeycorcheas.es\/?p=1493","url":"https:\/\/cafeycorcheas.es\/?p=1493","name":"Clara Schumann y Brahms: amor en La mayor... (III parte y \u00faltima) - Caf\u00e9 &amp; corcheas","isPartOf":{"@id":"https:\/\/cafeycorcheas.es\/#website"},"primaryImageOfPage":{"@id":"https:\/\/cafeycorcheas.es\/?p=1493#primaryimage"},"image":{"@id":"https:\/\/cafeycorcheas.es\/?p=1493#primaryimage"},"thumbnailUrl":"https:\/\/cafeycorcheas.es\/wp-content\/uploads\/2025\/11\/c78909b532abd71bc2bb3ef69879ca70-1550162653.jpg","datePublished":"2025-10-10T02:06:00+00:00","dateModified":"2025-11-08T21:39:18+00:00","breadcrumb":{"@id":"https:\/\/cafeycorcheas.es\/?p=1493#breadcrumb"},"inLanguage":"es","potentialAction":[{"@type":"ReadAction","target":["https:\/\/cafeycorcheas.es\/?p=1493"]}]},{"@type":"ImageObject","inLanguage":"es","@id":"https:\/\/cafeycorcheas.es\/?p=1493#primaryimage","url":"https:\/\/cafeycorcheas.es\/wp-content\/uploads\/2025\/11\/c78909b532abd71bc2bb3ef69879ca70-1550162653.jpg","contentUrl":"https:\/\/cafeycorcheas.es\/wp-content\/uploads\/2025\/11\/c78909b532abd71bc2bb3ef69879ca70-1550162653.jpg","width":1920,"height":1077},{"@type":"BreadcrumbList","@id":"https:\/\/cafeycorcheas.es\/?p=1493#breadcrumb","itemListElement":[{"@type":"ListItem","position":1,"name":"Portada","item":"https:\/\/cafeycorcheas.es\/"},{"@type":"ListItem","position":2,"name":"Clara Schumann y Brahms: amor en La mayor&#8230; (III parte y \u00faltima)"}]},{"@type":"WebSite","@id":"https:\/\/cafeycorcheas.es\/#website","url":"https:\/\/cafeycorcheas.es\/","name":"Caf\u00e9 & corcheas","description":"Blog de m\u00fasica cl\u00e1sica. Si alguna vez pensaste que no entiendes de m\u00fasica es probablemente porque nadie te la explic\u00f3 bien. Exploraremos sinfon\u00edas, conciertos y partituras con humor, curiosidad y cierta insolencia. Si tienes orejas eres bienvenido.","publisher":{"@id":"https:\/\/cafeycorcheas.es\/#\/schema\/person\/8775a327ca0a5000474d24d409e8f854"},"alternateName":"Caf\u00e9 & Corcheas - M\u00fasica Cl\u00e1sica, An\u00e1lisis Musical y An\u00e9cdotas.","potentialAction":[{"@type":"SearchAction","target":{"@type":"EntryPoint","urlTemplate":"https:\/\/cafeycorcheas.es\/?s={search_term_string}"},"query-input":{"@type":"PropertyValueSpecification","valueRequired":true,"valueName":"search_term_string"}}],"inLanguage":"es"},{"@type":["Person","Organization"],"@id":"https:\/\/cafeycorcheas.es\/#\/schema\/person\/8775a327ca0a5000474d24d409e8f854","name":"Enrique Goberna","image":{"@type":"ImageObject","inLanguage":"es","@id":"https:\/\/cafeycorcheas.es\/wp-content\/uploads\/2025\/11\/solo-logo-1.svg","url":"https:\/\/cafeycorcheas.es\/wp-content\/uploads\/2025\/11\/solo-logo-1.svg","contentUrl":"https:\/\/cafeycorcheas.es\/wp-content\/uploads\/2025\/11\/solo-logo-1.svg","width":100,"height":70,"caption":"Enrique Goberna"},"logo":{"@id":"https:\/\/cafeycorcheas.es\/wp-content\/uploads\/2025\/11\/solo-logo-1.svg"},"sameAs":["https:\/\/cafeycorcheas.es"],"url":"https:\/\/cafeycorcheas.es\/?author=1"}]}},"_links":{"self":[{"href":"https:\/\/cafeycorcheas.es\/index.php?rest_route=\/wp\/v2\/posts\/1493","targetHints":{"allow":["GET"]}}],"collection":[{"href":"https:\/\/cafeycorcheas.es\/index.php?rest_route=\/wp\/v2\/posts"}],"about":[{"href":"https:\/\/cafeycorcheas.es\/index.php?rest_route=\/wp\/v2\/types\/post"}],"author":[{"embeddable":true,"href":"https:\/\/cafeycorcheas.es\/index.php?rest_route=\/wp\/v2\/users\/1"}],"replies":[{"embeddable":true,"href":"https:\/\/cafeycorcheas.es\/index.php?rest_route=%2Fwp%2Fv2%2Fcomments&post=1493"}],"version-history":[{"count":3,"href":"https:\/\/cafeycorcheas.es\/index.php?rest_route=\/wp\/v2\/posts\/1493\/revisions"}],"predecessor-version":[{"id":2137,"href":"https:\/\/cafeycorcheas.es\/index.php?rest_route=\/wp\/v2\/posts\/1493\/revisions\/2137"}],"wp:featuredmedia":[{"embeddable":true,"href":"https:\/\/cafeycorcheas.es\/index.php?rest_route=\/wp\/v2\/media\/1488"}],"wp:attachment":[{"href":"https:\/\/cafeycorcheas.es\/index.php?rest_route=%2Fwp%2Fv2%2Fmedia&parent=1493"}],"wp:term":[{"taxonomy":"category","embeddable":true,"href":"https:\/\/cafeycorcheas.es\/index.php?rest_route=%2Fwp%2Fv2%2Fcategories&post=1493"},{"taxonomy":"post_tag","embeddable":true,"href":"https:\/\/cafeycorcheas.es\/index.php?rest_route=%2Fwp%2Fv2%2Ftags&post=1493"}],"curies":[{"name":"wp","href":"https:\/\/api.w.org\/{rel}","templated":true}]}}