{"id":1491,"date":"2025-10-11T10:05:00","date_gmt":"2025-10-11T08:05:00","guid":{"rendered":"https:\/\/cafeycorcheas.es\/?p=1491"},"modified":"2025-11-08T16:45:49","modified_gmt":"2025-11-08T15:45:49","slug":"los-schumann-y-brahms-un-trio-de-piano-parte-ii","status":"publish","type":"post","link":"https:\/\/cafeycorcheas.es\/?p=1491","title":{"rendered":"Los Schumann y Brahms: un tr\u00edo de piano&#8230; (parte II)"},"content":{"rendered":"\n<p class=\"wp-block-paragraph\"><strong>Los Schumann y Brahms: un tr\u00edo de piano&#8230; (parte II)<\/strong><\/p>\n\n\n\n<p class=\"wp-block-paragraph\">Clara y Robert Schumann fueron todo lo felices que puede ser un matrimonio. Su vida la dedicaban a la composici\u00f3n y edici\u00f3n de las obras de Robert, a sus giras por Europa dando conciertos que interpretaba Clara al piano, y en los fr\u00edos inviernos alemanes a concebir hijos. Tuvieron finalmente 8 hijos, aunque uno muri\u00f3 en sus primeros a\u00f1os de vida. Unos a\u00f1os antes de la prematura muerte de Robert a los 46 a\u00f1os de edad, el matrimonio Schumann recibi\u00f3 una visita que iba a marcar sus destinos desde entonces&#8230;<\/p>\n\n\n\n<p class=\"wp-block-paragraph\">Johannes Brahms, tiempo atr\u00e1s, aprovechando la presencia del matrimonio Schumann para unos conciertos que la pareja dio en Hamburgo \u2014su ciudad de origen\u2014 le hizo llegar algunas partituras a Robert, que sin embargo le fueron devueltas sin ser siquiera abiertas. Esto lo descorazon\u00f3 un poco pero ahora estaba ante una segunda oportunidad; \u00e9l, un joven de 20 a\u00f1os con un talento inmenso estaba dando conciertos al piano acompa\u00f1ando a un gran violinista de la \u00e9poca \u2014amigo de Robert\u2014 y ese fue el contacto y la carta de presentaci\u00f3n para presentarse en la casa de los Schumann.<\/p>\n\n\n<div class=\"wp-block-image\">\n<figure class=\"alignleft size-full is-resized\"><img fetchpriority=\"high\" decoding=\"async\" width=\"191\" height=\"264\" src=\"https:\/\/cafeycorcheas.es\/wp-content\/uploads\/2025\/11\/images.jpg\" alt=\"\" class=\"wp-image-1496\" style=\"width:220px;height:auto\"\/><figcaption class=\"wp-element-caption\">Johannes Brahms<\/figcaption><\/figure>\n<\/div>\n\n\n<p class=\"wp-block-paragraph\">Robert invit\u00f3 a ese joven a que se sentase al piano y le mostrase qu\u00e9 sab\u00eda hacer. Se cuenta que despu\u00e9s del primer movimiento de la sonata para piano n\u00ba1 en do mayor Op.1, el matrimonio Schumann qued\u00f3 boquiabierto y se dio cuenta que estaba ante un talento prodigioso, ante un genio; y Clara, que entonces contaba con 33 a\u00f1os, adem\u00e1s de ello se percat\u00f3 tambi\u00e9n que estaba ante un joven guapo de pelo rubio, ojos claros y pelito hacia atr\u00e1s, &nbsp;que estaba para ponerle un piso&#8230; (\u00bfRecord\u00e1is a Di Caprio en Titanic? Igualito.)<\/p>\n\n\n\n<p class=\"wp-block-paragraph\">El matrimonio Schumann acogi\u00f3 en su propia casa a ese joven tan talentoso y lo trataron como si fuera de la familia, como a un hijo m\u00e1s, le dieron unas llaves al&nbsp; bueno de Johannes y le advirtieron que si llegaba tarde no despertase a los ni\u00f1os. El propio Robert le dedic\u00f3 un c\u00e9lebre art\u00edculo en la revista musical que \u00e9l mismo editaba. Una cr\u00edtica que lanz\u00f3 directamente al estrellato a ese rubio desconocido&#8230;<\/p>\n\n\n\n<p class=\"wp-block-paragraph\">\u00ab<em>&#8230;present\u00eda yo que cualquier d\u00eda, de pronto, podr\u00eda aparecer un ser \u00fanico que diese expresi\u00f3n a nuestra \u00e9poca del modo m\u00e1s alto e ideal, un hombre que alcanzase el magisterio no poco a poco, sino de golpe, como Minerva saliera totalmente armada de la cabeza de J\u00fapiter. Y ahora aqu\u00ed est\u00e1 \u00e9l, una joven criatura junto a cuya cuna montaron guardia Gracias y H\u00e9roes. Su nombre es Johannes Brahms. Viene de Hamburgo, donde ha estado trabajando en silenciosa oscuridad&#8230;<\/em>\u00ab<\/p>\n\n\n\n<p class=\"wp-block-paragraph\">Pero en esos a\u00f1os empiezaba el declive de la salud de Robert. Los problemas de depresi\u00f3n que ten\u00eda desde su juventud se iban acrecentando con la edad. Probablemente se trataba de un s\u00edndrome maniaco-depresivo, en las que se alternaban periodos de una fuerte depresi\u00f3n que le imposibilitaba trabajar, con otros donde aprovechaba para componer hasta la extenuaci\u00f3n. Pero sus crisis nerviosas se iban complicando cada vez m\u00e1s. Ahora empezaba a escuchar voces, unas voces horrorosas que cantaban incesantemente en voz de ortavillita \u00ab<em>al ritornelloooooooooooo<\/em>\u00ab. La cosa no pintaba bien&#8230; Meses m\u00e1s tarde intent\u00f3 suicidarse tir\u00e1ndose al Rhin huyendo de la voces que ahora cantaban \u00ab<em>mascherato&nbsp;di nostra locuraaaaaaa\u00bb<\/em>, pero unos pescadores evitaron su muerte. Fue internado en un sanatorio mental donde morir\u00eda dos a\u00f1os m\u00e1s tarde, en el verano de 1856.<\/p>\n\n\n\n<p class=\"wp-block-paragraph\">En el tiempo de internamiento, Brahms fue un apoyo de todo tipo para Clara. Para los mal pensados: de todo tipo no inclu\u00eda calentarle la cama en las fr\u00edas noches de D\u00fcsseldorf. Brahms era un apoyo an\u00edmico, econ\u00f3mico cuando fue necesario (el sanatorio mental era muy caro y los ingresos ahora eran menores sin Robert) e incluso ayudaba a cuidar a la patulea de ni\u00f1os que corr\u00edan por la casa y con los que Brahms se llevaba extraordinariamente bien. Pero a pesar de las insinuaciones a Clara, de la que Brahms estuvo enamorado durante toda su vida, el propio Brahms, por el respeto, el cari\u00f1o y el agradecimiento que ten\u00eda al matrimonio, su relaci\u00f3n no pas\u00f3 a m\u00e1s. Clara, por otra parte, estaba tan enamorada de su marido que en ning\u00fan caso atender\u00eda ninguna insinuaci\u00f3n de Johannes, del que siempre confes\u00f3 que ten\u00eda el mayor de los aprecios&#8230; pero como amigo. \u00bfPero siempre como amigo? En la tercera y \u00faltima entrega, dejamos zanjado este tema&#8230;<\/p>\n\n\n\n<p class=\"wp-block-paragraph\">\u00bfQuieres escuchar la pieza que asombr\u00f3 a Robert Schumann y Clara el d\u00eda que se present\u00f3 ante ellos? <a href=\"https:\/\/l.facebook.com\/l.php?u=https%3A%2F%2Fwww.youtube.com%2Fwatch%3Fv%3DY2J0zshdDvg%26fbclid%3DIwZXh0bgNhZW0CMTAAYnJpZBEwc2Z6d2wxUEpsU2h5c2JNU3NydGMGYXBwX2lkEDIyMjAzOTE3ODgyMDA4OTIAAR5ZA5hOEXpEaZ1NZwaZ7aVapzOOQKHqmAV2npaeRl3McCZT8FoBXwpad2V6Nw_aem_xX_Iy55L9V5wCz3E2ReRdw&amp;h=AT1hNSe1TKTnd4ElqhDElG8yTjYkPmJUl37tPQMLVjowvKfLEzkjw9VC3OEreXMfYnHCY9K1ZgkdDqJlM7SEwD4jyd-TIqOKn2yTHCnUMhVM6CaI5bQwzmYhXeEaeNuVRZQ5U6kiKUexZqpJYTSXJY_O00tqlfqP\" rel=\"noreferrer noopener\" target=\"_blank\">Sonata para piano en Do mayor n\u00ba1, Op.1<\/a><\/p>\n\n\n\n<p class=\"wp-block-paragraph\">\u00a1Oh, cielos, esta parte es a\u00fan mejor que la primera!. Estoy deseando leer la tercera y \u00faltima&#8230;&nbsp;<a href=\"https:\/\/cafeycorcheas.es\/2025\/11\/07\/clara-schumann-y-brahms-amor-en-la-mayor-iii-parte-y-ultima\/\" data-type=\"post\" data-id=\"1493\">Clara Schumann y Brahms: amor en La mayor&#8230; (III parte y \u00faltima)<\/a><\/p>\n","protected":false},"excerpt":{"rendered":"<p>Los Schumann y Brahms: un tr\u00edo de piano&#8230; (parte II) Clara y Robert Schumann fueron todo lo felices que puede ser un matrimonio. Su vida la dedicaban a la composici\u00f3n y edici\u00f3n de las obras de Robert, a sus giras por Europa dando conciertos que interpretaba Clara al piano, y en los fr\u00edos inviernos alemanes [&hellip;]<\/p>\n","protected":false},"author":1,"featured_media":1488,"comment_status":"open","ping_status":"open","sticky":false,"template":"","format":"standard","meta":{"footnotes":""},"categories":[43],"tags":[],"class_list":["post-1491","post","type-post","status-publish","format-standard","has-post-thumbnail","hentry","category-anecdotas"],"yoast_head":"<!-- This site is optimized with the Yoast SEO plugin v28.3 - https:\/\/yoast.com\/product\/yoast-seo-wordpress\/ -->\n<title>Los Schumann y Brahms: un tr\u00edo de piano... (parte II) - Caf\u00e9 &amp; corcheas<\/title>\n<meta name=\"robots\" content=\"index, follow, max-snippet:-1, max-image-preview:large, max-video-preview:-1\" \/>\n<link rel=\"canonical\" href=\"https:\/\/cafeycorcheas.es\/?p=1491\" \/>\n<meta property=\"og:locale\" content=\"es_ES\" \/>\n<meta property=\"og:type\" content=\"article\" \/>\n<meta property=\"og:title\" content=\"Los Schumann y Brahms: un tr\u00edo de piano... (parte II) - Caf\u00e9 &amp; corcheas\" \/>\n<meta property=\"og:description\" content=\"Los Schumann y Brahms: un tr\u00edo de piano&#8230; (parte II) Clara y Robert Schumann fueron todo lo felices que puede ser un matrimonio. Su vida la dedicaban a la composici\u00f3n y edici\u00f3n de las obras de Robert, a sus giras por Europa dando conciertos que interpretaba Clara al piano, y en los fr\u00edos inviernos alemanes [&hellip;]\" \/>\n<meta property=\"og:url\" content=\"https:\/\/cafeycorcheas.es\/?p=1491\" \/>\n<meta property=\"og:site_name\" content=\"Caf\u00e9 &amp; corcheas\" \/>\n<meta property=\"article:published_time\" content=\"2025-10-11T08:05:00+00:00\" \/>\n<meta property=\"article:modified_time\" content=\"2025-11-08T15:45:49+00:00\" \/>\n<meta property=\"og:image\" content=\"https:\/\/cafeycorcheas.es\/wp-content\/uploads\/2025\/11\/c78909b532abd71bc2bb3ef69879ca70-1550162653.jpg\" \/>\n\t<meta property=\"og:image:width\" content=\"1920\" \/>\n\t<meta property=\"og:image:height\" content=\"1077\" \/>\n\t<meta property=\"og:image:type\" content=\"image\/jpeg\" \/>\n<meta name=\"author\" content=\"Enrique Goberna\" \/>\n<meta name=\"twitter:card\" content=\"summary_large_image\" \/>\n<meta name=\"twitter:label1\" content=\"Escrito por\" \/>\n\t<meta name=\"twitter:data1\" content=\"Enrique Goberna\" \/>\n\t<meta name=\"twitter:label2\" content=\"Tiempo de lectura\" \/>\n\t<meta name=\"twitter:data2\" content=\"4 minutos\" \/>\n<script type=\"application\/ld+json\" class=\"yoast-schema-graph\">{\"@context\":\"https:\\\/\\\/schema.org\",\"@graph\":[{\"@type\":\"Article\",\"@id\":\"https:\\\/\\\/cafeycorcheas.es\\\/?p=1491#article\",\"isPartOf\":{\"@id\":\"https:\\\/\\\/cafeycorcheas.es\\\/?p=1491\"},\"author\":{\"name\":\"Enrique Goberna\",\"@id\":\"https:\\\/\\\/cafeycorcheas.es\\\/#\\\/schema\\\/person\\\/8775a327ca0a5000474d24d409e8f854\"},\"headline\":\"Los Schumann y Brahms: un tr\u00edo de piano&#8230; (parte II)\",\"datePublished\":\"2025-10-11T08:05:00+00:00\",\"dateModified\":\"2025-11-08T15:45:49+00:00\",\"mainEntityOfPage\":{\"@id\":\"https:\\\/\\\/cafeycorcheas.es\\\/?p=1491\"},\"wordCount\":865,\"commentCount\":0,\"publisher\":{\"@id\":\"https:\\\/\\\/cafeycorcheas.es\\\/#\\\/schema\\\/person\\\/8775a327ca0a5000474d24d409e8f854\"},\"image\":{\"@id\":\"https:\\\/\\\/cafeycorcheas.es\\\/?p=1491#primaryimage\"},\"thumbnailUrl\":\"https:\\\/\\\/cafeycorcheas.es\\\/wp-content\\\/uploads\\\/2025\\\/11\\\/c78909b532abd71bc2bb3ef69879ca70-1550162653.jpg\",\"articleSection\":[\"AN\u00c9CDOTAS\"],\"inLanguage\":\"es\",\"potentialAction\":[{\"@type\":\"CommentAction\",\"name\":\"Comment\",\"target\":[\"https:\\\/\\\/cafeycorcheas.es\\\/?p=1491#respond\"]}]},{\"@type\":\"WebPage\",\"@id\":\"https:\\\/\\\/cafeycorcheas.es\\\/?p=1491\",\"url\":\"https:\\\/\\\/cafeycorcheas.es\\\/?p=1491\",\"name\":\"Los Schumann y Brahms: un tr\u00edo de piano... (parte II) - Caf\u00e9 &amp; corcheas\",\"isPartOf\":{\"@id\":\"https:\\\/\\\/cafeycorcheas.es\\\/#website\"},\"primaryImageOfPage\":{\"@id\":\"https:\\\/\\\/cafeycorcheas.es\\\/?p=1491#primaryimage\"},\"image\":{\"@id\":\"https:\\\/\\\/cafeycorcheas.es\\\/?p=1491#primaryimage\"},\"thumbnailUrl\":\"https:\\\/\\\/cafeycorcheas.es\\\/wp-content\\\/uploads\\\/2025\\\/11\\\/c78909b532abd71bc2bb3ef69879ca70-1550162653.jpg\",\"datePublished\":\"2025-10-11T08:05:00+00:00\",\"dateModified\":\"2025-11-08T15:45:49+00:00\",\"breadcrumb\":{\"@id\":\"https:\\\/\\\/cafeycorcheas.es\\\/?p=1491#breadcrumb\"},\"inLanguage\":\"es\",\"potentialAction\":[{\"@type\":\"ReadAction\",\"target\":[\"https:\\\/\\\/cafeycorcheas.es\\\/?p=1491\"]}]},{\"@type\":\"ImageObject\",\"inLanguage\":\"es\",\"@id\":\"https:\\\/\\\/cafeycorcheas.es\\\/?p=1491#primaryimage\",\"url\":\"https:\\\/\\\/cafeycorcheas.es\\\/wp-content\\\/uploads\\\/2025\\\/11\\\/c78909b532abd71bc2bb3ef69879ca70-1550162653.jpg\",\"contentUrl\":\"https:\\\/\\\/cafeycorcheas.es\\\/wp-content\\\/uploads\\\/2025\\\/11\\\/c78909b532abd71bc2bb3ef69879ca70-1550162653.jpg\",\"width\":1920,\"height\":1077},{\"@type\":\"BreadcrumbList\",\"@id\":\"https:\\\/\\\/cafeycorcheas.es\\\/?p=1491#breadcrumb\",\"itemListElement\":[{\"@type\":\"ListItem\",\"position\":1,\"name\":\"Portada\",\"item\":\"https:\\\/\\\/cafeycorcheas.es\\\/\"},{\"@type\":\"ListItem\",\"position\":2,\"name\":\"Los Schumann y Brahms: un tr\u00edo de piano&#8230; (parte II)\"}]},{\"@type\":\"WebSite\",\"@id\":\"https:\\\/\\\/cafeycorcheas.es\\\/#website\",\"url\":\"https:\\\/\\\/cafeycorcheas.es\\\/\",\"name\":\"Caf\u00e9 & corcheas\",\"description\":\"Blog de m\u00fasica cl\u00e1sica. Si alguna vez pensaste que no entiendes de m\u00fasica es probablemente porque nadie te la explic\u00f3 bien. Exploraremos sinfon\u00edas, conciertos y partituras con humor, curiosidad y cierta insolencia. Si tienes orejas eres bienvenido.\",\"publisher\":{\"@id\":\"https:\\\/\\\/cafeycorcheas.es\\\/#\\\/schema\\\/person\\\/8775a327ca0a5000474d24d409e8f854\"},\"alternateName\":\"Caf\u00e9 & Corcheas - M\u00fasica Cl\u00e1sica, An\u00e1lisis Musical y An\u00e9cdotas.\",\"potentialAction\":[{\"@type\":\"SearchAction\",\"target\":{\"@type\":\"EntryPoint\",\"urlTemplate\":\"https:\\\/\\\/cafeycorcheas.es\\\/?s={search_term_string}\"},\"query-input\":{\"@type\":\"PropertyValueSpecification\",\"valueRequired\":true,\"valueName\":\"search_term_string\"}}],\"inLanguage\":\"es\"},{\"@type\":[\"Person\",\"Organization\"],\"@id\":\"https:\\\/\\\/cafeycorcheas.es\\\/#\\\/schema\\\/person\\\/8775a327ca0a5000474d24d409e8f854\",\"name\":\"Enrique Goberna\",\"image\":{\"@type\":\"ImageObject\",\"inLanguage\":\"es\",\"@id\":\"https:\\\/\\\/cafeycorcheas.es\\\/wp-content\\\/uploads\\\/2025\\\/11\\\/solo-logo-1.svg\",\"url\":\"https:\\\/\\\/cafeycorcheas.es\\\/wp-content\\\/uploads\\\/2025\\\/11\\\/solo-logo-1.svg\",\"contentUrl\":\"https:\\\/\\\/cafeycorcheas.es\\\/wp-content\\\/uploads\\\/2025\\\/11\\\/solo-logo-1.svg\",\"width\":100,\"height\":70,\"caption\":\"Enrique Goberna\"},\"logo\":{\"@id\":\"https:\\\/\\\/cafeycorcheas.es\\\/wp-content\\\/uploads\\\/2025\\\/11\\\/solo-logo-1.svg\"},\"sameAs\":[\"https:\\\/\\\/cafeycorcheas.es\"],\"url\":\"https:\\\/\\\/cafeycorcheas.es\\\/?author=1\"}]}<\/script>\n<!-- \/ Yoast SEO plugin. -->","yoast_head_json":{"title":"Los Schumann y Brahms: un tr\u00edo de piano... (parte II) - Caf\u00e9 &amp; corcheas","robots":{"index":"index","follow":"follow","max-snippet":"max-snippet:-1","max-image-preview":"max-image-preview:large","max-video-preview":"max-video-preview:-1"},"canonical":"https:\/\/cafeycorcheas.es\/?p=1491","og_locale":"es_ES","og_type":"article","og_title":"Los Schumann y Brahms: un tr\u00edo de piano... (parte II) - Caf\u00e9 &amp; corcheas","og_description":"Los Schumann y Brahms: un tr\u00edo de piano&#8230; (parte II) Clara y Robert Schumann fueron todo lo felices que puede ser un matrimonio. Su vida la dedicaban a la composici\u00f3n y edici\u00f3n de las obras de Robert, a sus giras por Europa dando conciertos que interpretaba Clara al piano, y en los fr\u00edos inviernos alemanes [&hellip;]","og_url":"https:\/\/cafeycorcheas.es\/?p=1491","og_site_name":"Caf\u00e9 &amp; corcheas","article_published_time":"2025-10-11T08:05:00+00:00","article_modified_time":"2025-11-08T15:45:49+00:00","og_image":[{"width":1920,"height":1077,"url":"https:\/\/cafeycorcheas.es\/wp-content\/uploads\/2025\/11\/c78909b532abd71bc2bb3ef69879ca70-1550162653.jpg","type":"image\/jpeg"}],"author":"Enrique Goberna","twitter_card":"summary_large_image","twitter_misc":{"Escrito por":"Enrique Goberna","Tiempo de lectura":"4 minutos"},"schema":{"@context":"https:\/\/schema.org","@graph":[{"@type":"Article","@id":"https:\/\/cafeycorcheas.es\/?p=1491#article","isPartOf":{"@id":"https:\/\/cafeycorcheas.es\/?p=1491"},"author":{"name":"Enrique Goberna","@id":"https:\/\/cafeycorcheas.es\/#\/schema\/person\/8775a327ca0a5000474d24d409e8f854"},"headline":"Los Schumann y Brahms: un tr\u00edo de piano&#8230; (parte II)","datePublished":"2025-10-11T08:05:00+00:00","dateModified":"2025-11-08T15:45:49+00:00","mainEntityOfPage":{"@id":"https:\/\/cafeycorcheas.es\/?p=1491"},"wordCount":865,"commentCount":0,"publisher":{"@id":"https:\/\/cafeycorcheas.es\/#\/schema\/person\/8775a327ca0a5000474d24d409e8f854"},"image":{"@id":"https:\/\/cafeycorcheas.es\/?p=1491#primaryimage"},"thumbnailUrl":"https:\/\/cafeycorcheas.es\/wp-content\/uploads\/2025\/11\/c78909b532abd71bc2bb3ef69879ca70-1550162653.jpg","articleSection":["AN\u00c9CDOTAS"],"inLanguage":"es","potentialAction":[{"@type":"CommentAction","name":"Comment","target":["https:\/\/cafeycorcheas.es\/?p=1491#respond"]}]},{"@type":"WebPage","@id":"https:\/\/cafeycorcheas.es\/?p=1491","url":"https:\/\/cafeycorcheas.es\/?p=1491","name":"Los Schumann y Brahms: un tr\u00edo de piano... (parte II) - Caf\u00e9 &amp; corcheas","isPartOf":{"@id":"https:\/\/cafeycorcheas.es\/#website"},"primaryImageOfPage":{"@id":"https:\/\/cafeycorcheas.es\/?p=1491#primaryimage"},"image":{"@id":"https:\/\/cafeycorcheas.es\/?p=1491#primaryimage"},"thumbnailUrl":"https:\/\/cafeycorcheas.es\/wp-content\/uploads\/2025\/11\/c78909b532abd71bc2bb3ef69879ca70-1550162653.jpg","datePublished":"2025-10-11T08:05:00+00:00","dateModified":"2025-11-08T15:45:49+00:00","breadcrumb":{"@id":"https:\/\/cafeycorcheas.es\/?p=1491#breadcrumb"},"inLanguage":"es","potentialAction":[{"@type":"ReadAction","target":["https:\/\/cafeycorcheas.es\/?p=1491"]}]},{"@type":"ImageObject","inLanguage":"es","@id":"https:\/\/cafeycorcheas.es\/?p=1491#primaryimage","url":"https:\/\/cafeycorcheas.es\/wp-content\/uploads\/2025\/11\/c78909b532abd71bc2bb3ef69879ca70-1550162653.jpg","contentUrl":"https:\/\/cafeycorcheas.es\/wp-content\/uploads\/2025\/11\/c78909b532abd71bc2bb3ef69879ca70-1550162653.jpg","width":1920,"height":1077},{"@type":"BreadcrumbList","@id":"https:\/\/cafeycorcheas.es\/?p=1491#breadcrumb","itemListElement":[{"@type":"ListItem","position":1,"name":"Portada","item":"https:\/\/cafeycorcheas.es\/"},{"@type":"ListItem","position":2,"name":"Los Schumann y Brahms: un tr\u00edo de piano&#8230; (parte II)"}]},{"@type":"WebSite","@id":"https:\/\/cafeycorcheas.es\/#website","url":"https:\/\/cafeycorcheas.es\/","name":"Caf\u00e9 & corcheas","description":"Blog de m\u00fasica cl\u00e1sica. Si alguna vez pensaste que no entiendes de m\u00fasica es probablemente porque nadie te la explic\u00f3 bien. Exploraremos sinfon\u00edas, conciertos y partituras con humor, curiosidad y cierta insolencia. Si tienes orejas eres bienvenido.","publisher":{"@id":"https:\/\/cafeycorcheas.es\/#\/schema\/person\/8775a327ca0a5000474d24d409e8f854"},"alternateName":"Caf\u00e9 & Corcheas - M\u00fasica Cl\u00e1sica, An\u00e1lisis Musical y An\u00e9cdotas.","potentialAction":[{"@type":"SearchAction","target":{"@type":"EntryPoint","urlTemplate":"https:\/\/cafeycorcheas.es\/?s={search_term_string}"},"query-input":{"@type":"PropertyValueSpecification","valueRequired":true,"valueName":"search_term_string"}}],"inLanguage":"es"},{"@type":["Person","Organization"],"@id":"https:\/\/cafeycorcheas.es\/#\/schema\/person\/8775a327ca0a5000474d24d409e8f854","name":"Enrique Goberna","image":{"@type":"ImageObject","inLanguage":"es","@id":"https:\/\/cafeycorcheas.es\/wp-content\/uploads\/2025\/11\/solo-logo-1.svg","url":"https:\/\/cafeycorcheas.es\/wp-content\/uploads\/2025\/11\/solo-logo-1.svg","contentUrl":"https:\/\/cafeycorcheas.es\/wp-content\/uploads\/2025\/11\/solo-logo-1.svg","width":100,"height":70,"caption":"Enrique Goberna"},"logo":{"@id":"https:\/\/cafeycorcheas.es\/wp-content\/uploads\/2025\/11\/solo-logo-1.svg"},"sameAs":["https:\/\/cafeycorcheas.es"],"url":"https:\/\/cafeycorcheas.es\/?author=1"}]}},"_links":{"self":[{"href":"https:\/\/cafeycorcheas.es\/index.php?rest_route=\/wp\/v2\/posts\/1491","targetHints":{"allow":["GET"]}}],"collection":[{"href":"https:\/\/cafeycorcheas.es\/index.php?rest_route=\/wp\/v2\/posts"}],"about":[{"href":"https:\/\/cafeycorcheas.es\/index.php?rest_route=\/wp\/v2\/types\/post"}],"author":[{"embeddable":true,"href":"https:\/\/cafeycorcheas.es\/index.php?rest_route=\/wp\/v2\/users\/1"}],"replies":[{"embeddable":true,"href":"https:\/\/cafeycorcheas.es\/index.php?rest_route=%2Fwp%2Fv2%2Fcomments&post=1491"}],"version-history":[{"count":4,"href":"https:\/\/cafeycorcheas.es\/index.php?rest_route=\/wp\/v2\/posts\/1491\/revisions"}],"predecessor-version":[{"id":1502,"href":"https:\/\/cafeycorcheas.es\/index.php?rest_route=\/wp\/v2\/posts\/1491\/revisions\/1502"}],"wp:featuredmedia":[{"embeddable":true,"href":"https:\/\/cafeycorcheas.es\/index.php?rest_route=\/wp\/v2\/media\/1488"}],"wp:attachment":[{"href":"https:\/\/cafeycorcheas.es\/index.php?rest_route=%2Fwp%2Fv2%2Fmedia&parent=1491"}],"wp:term":[{"taxonomy":"category","embeddable":true,"href":"https:\/\/cafeycorcheas.es\/index.php?rest_route=%2Fwp%2Fv2%2Fcategories&post=1491"},{"taxonomy":"post_tag","embeddable":true,"href":"https:\/\/cafeycorcheas.es\/index.php?rest_route=%2Fwp%2Fv2%2Ftags&post=1491"}],"curies":[{"name":"wp","href":"https:\/\/api.w.org\/{rel}","templated":true}]}}