{"id":1486,"date":"2025-10-12T10:10:00","date_gmt":"2025-10-12T08:10:00","guid":{"rendered":"https:\/\/cafeycorcheas.es\/?p=1486"},"modified":"2025-11-10T01:19:33","modified_gmt":"2025-11-10T00:19:33","slug":"clara-y-robert-schumann-un-amor-de-pelicula-parte-i","status":"publish","type":"post","link":"https:\/\/cafeycorcheas.es\/?p=1486","title":{"rendered":"Clara y Robert Schumann: un amor de pel\u00edcula (parte I)"},"content":{"rendered":"\n<p class=\"wp-block-paragraph\">Robert Schumann lleg\u00f3 a casa de los Wieck siendo un joven de 20 a\u00f1os con una prometedora carrera musical. Friedrich Wieck era un afamado profesor de m\u00fasica que acogi\u00f3 a Robert en su casa durante la temporada en que le dio lecciones. Ah\u00ed Robert conoci\u00f3 a Clara Wieck, la hija de Friedrich, cuando ella ten\u00eda tan solo once a\u00f1os y empezaba una carrera de pianista perfectamente programada por su padre. Robert qued\u00f3 impresionado por el talento excepcional de esa ni\u00f1a, que empezaba a dar giras internacionales como concertista de piano y entabl\u00f3 con ella una amistad, que cuando Clara dej\u00f3 de comprar en Zara ni\u00f1os para hacerlo en Bershka, se convirti\u00f3 en una historia de amor inquebrantable que ha dado lugar a no pocas pel\u00edculas sobre la historia de la pareja. Cuando Clara ten\u00eda diecis\u00e9is, empez\u00f3 con Robert una relaci\u00f3n en secreto, sobre todo por carta, debido a que Clara estaba de gira casi todo el a\u00f1o, y un a\u00f1o despu\u00e9s decidieron dar el paso de pedir al padre consentimiento para la boda (la mayor\u00eda de edad estaba entonces en los 21) y el padre levantando el dedo \u00edndice de su mano derecha le dijo al bueno de Robert que se subiera en lo alto y pedalease&#8230; pero en alem\u00e1n, algo as\u00ed como: \u00abS\u00fabetenaltten und pedaleen\u00bb.<\/p>\n\n\n\n<p class=\"wp-block-paragraph\">La admiraci\u00f3n y el amor que sent\u00edan el uno por el otro hizo que ambos ganasen con el enlace. Robert animaba a Clara a componer, que hac\u00eda muy bien \u2014aunque ella ten\u00eda dudas al respecto\u2014 y Clara, adem\u00e1s de pianista de las obras de su marido, era su fuente de inspiraci\u00f3n, su editora y la m\u00e1s leal cr\u00edtica de Robert; tambi\u00e9n fue la que le estimul\u00f3 para que escribiese obra para orquesta. A ella le debemos probablemente la obra sinf\u00f3nica y orquestal de su marido.Tambi\u00e9n es conocido c\u00f3mo la pareja al d\u00eda siguiente de su boda \u2014d\u00eda del cumplea\u00f1os de Clara\u2014, empezaron un diario en com\u00fan, es decir, un \u00abdiario de la pareja\u00bb, que empezaba con estas palabras:<\/p>\n\n\n\n<p class=\"wp-block-paragraph\"><em>\u00abEl librito que inicio hoy tiene un significado muy \u00edntimo: sobre todo ha de ser un Diario de lo que nos toca en com\u00fan, de todo lo que se refiere a nuestra vida matrimonial y hogare\u00f1a; quiero se\u00f1alar en \u00e9l todos nuestros deseos y nuestras esperanzas. Ha de ser tambi\u00e9n un librito con las peticiones que tendremos que dirigirnos mutuamente cuando la palabra no alcance; registrar\u00e1 asimismo la mediaci\u00f3n y la reconciliaci\u00f3n, si por acaso ocurre alg\u00fan desentendimiento; en una palabra: este librito ser\u00e1 para nosotros un amigo bondadoso y verdadero al que se lo confiamos todo abri\u00e9ndole nuestros corazones&#8230;\u00bb<\/em><\/p>\n\n\n\n<p class=\"wp-block-paragraph\">\u00bfNo es bonito? Ea, pues ya sab\u00e9is por qu\u00e9 se les denomina a estos compositores como \u00abrom\u00e1nticos\u00bb&#8230;<\/p>\n\n\n\n<p class=\"wp-block-paragraph\">Durante este periodo de noviazgo, Robert compuso la mayor\u00eda de su obra para piano, y en ella las referencias a Clara son constantes. Destacables de esa \u00e9poca son las Kinderszene (Escenas infantiles) op.15 o su Carnaval, op.9. Este \u00faltimo lo compuso un a\u00f1o antes de empezar oficialmente el noviazgo con Clara, pero contiene una pieza, la n\u00ba11 en do menor \u00abpassionato\u00bb titulado \u00abChiarina\u00bb (diminutivo de \u00abClara\u00bb en italiano, que as\u00ed la llamaba en la intimidad) donde ya se manifiesta en su m\u00fasica el incipiente amor por esa muchacha. Juzgad vosotros&#8230; son 2 emocionantes minutos de piano donde no se puede decir m\u00e1s en menos tiempo. Imagino a \u00abChiarina\u00bb interpretando su propia m\u00fasica y descubriendo sin palabras todo lo que Schumann quer\u00eda expresar con esta pieza. \u00bfQui\u00e9n no se enamorar\u00eda con algo as\u00ed?&#8230;<\/p>\n\n\n\n<p class=\"wp-block-paragraph\">\u00a0Aqu\u00ed ten\u00e9is la pieza para piano: <a href=\"https:\/\/www.youtube.com\/watch?v=NpjRlGJoyck\" target=\"_blank\" rel=\"noreferrer noopener\">Carnaval, op9 n\u00ba11 \u00abChiarina\u00bb y n\u00ba12 \u00abChopin\u00bb<\/a><\/p>\n\n\n\n<p class=\"wp-block-paragraph\"><em>Nota: \u00abChopin\u00bb es una pieza que imita maravillosamente el estilo pian\u00edstico de Chopin y es tan arrebatadoramente rom\u00e1ntica que su posici\u00f3n despu\u00e9s de \u00abChiarina\u00bb no parece que sea fruto del azar. De hecho, es frecuente que ambas piezas sean extra\u00eddas e interpretadas juntas&#8230; Si te preguntas por qu\u00e9 Robert no fue m\u00e1s expl\u00edcito, puede deberse al hecho de que Clara ten\u00eda solo 15 a\u00f1os \u2014Robert Schumann 24\u2014 y el padre de Clara era profesor de m\u00fasica y sabr\u00eda leer entre l\u00edneas (de pentagrama)&#8230;<\/em><\/p>\n\n\n\n<p class=\"wp-block-paragraph\">\u00a1Oh, qu\u00e9 bonita historia!, estoy deseando leer la siguiente entrega:&nbsp;<a href=\"https:\/\/cafeycorcheas.es\/2025\/11\/07\/los-schumann-y-brahms-un-trio-de-piano-parte-ii\/\" data-type=\"post\" data-id=\"1491\">Los Schumann y Brahms: un tr\u00edo de piano&#8230; (parte II)<\/a><\/p>\n","protected":false},"excerpt":{"rendered":"<p>Robert Schumann lleg\u00f3 a casa de los Wieck siendo un joven de 20 a\u00f1os con una prometedora carrera musical. Friedrich Wieck era un afamado profesor de m\u00fasica que acogi\u00f3 a Robert en su casa durante la temporada en que le dio lecciones. Ah\u00ed Robert conoci\u00f3 a Clara Wieck, la hija de Friedrich, cuando ella ten\u00eda [&hellip;]<\/p>\n","protected":false},"author":1,"featured_media":1488,"comment_status":"open","ping_status":"open","sticky":false,"template":"","format":"standard","meta":{"footnotes":""},"categories":[43],"tags":[],"class_list":["post-1486","post","type-post","status-publish","format-standard","has-post-thumbnail","hentry","category-anecdotas"],"yoast_head":"<!-- This site is optimized with the Yoast SEO plugin v28.3 - https:\/\/yoast.com\/product\/yoast-seo-wordpress\/ -->\n<title>Clara y Robert Schumann: un amor de pel\u00edcula (parte I) - Caf\u00e9 &amp; corcheas<\/title>\n<meta name=\"robots\" content=\"index, follow, max-snippet:-1, max-image-preview:large, max-video-preview:-1\" \/>\n<link rel=\"canonical\" href=\"https:\/\/cafeycorcheas.es\/?p=1486\" \/>\n<meta property=\"og:locale\" content=\"es_ES\" \/>\n<meta property=\"og:type\" content=\"article\" \/>\n<meta property=\"og:title\" content=\"Clara y Robert Schumann: un amor de pel\u00edcula (parte I) - Caf\u00e9 &amp; corcheas\" \/>\n<meta property=\"og:description\" content=\"Robert Schumann lleg\u00f3 a casa de los Wieck siendo un joven de 20 a\u00f1os con una prometedora carrera musical. Friedrich Wieck era un afamado profesor de m\u00fasica que acogi\u00f3 a Robert en su casa durante la temporada en que le dio lecciones. Ah\u00ed Robert conoci\u00f3 a Clara Wieck, la hija de Friedrich, cuando ella ten\u00eda [&hellip;]\" \/>\n<meta property=\"og:url\" content=\"https:\/\/cafeycorcheas.es\/?p=1486\" \/>\n<meta property=\"og:site_name\" content=\"Caf\u00e9 &amp; corcheas\" \/>\n<meta property=\"article:published_time\" content=\"2025-10-12T08:10:00+00:00\" \/>\n<meta property=\"article:modified_time\" content=\"2025-11-10T00:19:33+00:00\" \/>\n<meta property=\"og:image\" content=\"https:\/\/cafeycorcheas.es\/wp-content\/uploads\/2025\/11\/c78909b532abd71bc2bb3ef69879ca70-1550162653.jpg\" \/>\n\t<meta property=\"og:image:width\" content=\"1920\" \/>\n\t<meta property=\"og:image:height\" content=\"1077\" \/>\n\t<meta property=\"og:image:type\" content=\"image\/jpeg\" \/>\n<meta name=\"author\" content=\"Enrique Goberna\" \/>\n<meta name=\"twitter:card\" content=\"summary_large_image\" \/>\n<meta name=\"twitter:label1\" content=\"Escrito por\" \/>\n\t<meta name=\"twitter:data1\" content=\"Enrique Goberna\" \/>\n\t<meta name=\"twitter:label2\" content=\"Tiempo de lectura\" \/>\n\t<meta name=\"twitter:data2\" content=\"4 minutos\" \/>\n<script type=\"application\/ld+json\" class=\"yoast-schema-graph\">{\"@context\":\"https:\\\/\\\/schema.org\",\"@graph\":[{\"@type\":\"Article\",\"@id\":\"https:\\\/\\\/cafeycorcheas.es\\\/?p=1486#article\",\"isPartOf\":{\"@id\":\"https:\\\/\\\/cafeycorcheas.es\\\/?p=1486\"},\"author\":{\"name\":\"Enrique Goberna\",\"@id\":\"https:\\\/\\\/cafeycorcheas.es\\\/#\\\/schema\\\/person\\\/8775a327ca0a5000474d24d409e8f854\"},\"headline\":\"Clara y Robert Schumann: un amor de pel\u00edcula (parte I)\",\"datePublished\":\"2025-10-12T08:10:00+00:00\",\"dateModified\":\"2025-11-10T00:19:33+00:00\",\"mainEntityOfPage\":{\"@id\":\"https:\\\/\\\/cafeycorcheas.es\\\/?p=1486\"},\"wordCount\":771,\"commentCount\":0,\"publisher\":{\"@id\":\"https:\\\/\\\/cafeycorcheas.es\\\/#\\\/schema\\\/person\\\/8775a327ca0a5000474d24d409e8f854\"},\"image\":{\"@id\":\"https:\\\/\\\/cafeycorcheas.es\\\/?p=1486#primaryimage\"},\"thumbnailUrl\":\"https:\\\/\\\/cafeycorcheas.es\\\/wp-content\\\/uploads\\\/2025\\\/11\\\/c78909b532abd71bc2bb3ef69879ca70-1550162653.jpg\",\"articleSection\":[\"AN\u00c9CDOTAS\"],\"inLanguage\":\"es\",\"potentialAction\":[{\"@type\":\"CommentAction\",\"name\":\"Comment\",\"target\":[\"https:\\\/\\\/cafeycorcheas.es\\\/?p=1486#respond\"]}]},{\"@type\":\"WebPage\",\"@id\":\"https:\\\/\\\/cafeycorcheas.es\\\/?p=1486\",\"url\":\"https:\\\/\\\/cafeycorcheas.es\\\/?p=1486\",\"name\":\"Clara y Robert Schumann: un amor de pel\u00edcula (parte I) - Caf\u00e9 &amp; corcheas\",\"isPartOf\":{\"@id\":\"https:\\\/\\\/cafeycorcheas.es\\\/#website\"},\"primaryImageOfPage\":{\"@id\":\"https:\\\/\\\/cafeycorcheas.es\\\/?p=1486#primaryimage\"},\"image\":{\"@id\":\"https:\\\/\\\/cafeycorcheas.es\\\/?p=1486#primaryimage\"},\"thumbnailUrl\":\"https:\\\/\\\/cafeycorcheas.es\\\/wp-content\\\/uploads\\\/2025\\\/11\\\/c78909b532abd71bc2bb3ef69879ca70-1550162653.jpg\",\"datePublished\":\"2025-10-12T08:10:00+00:00\",\"dateModified\":\"2025-11-10T00:19:33+00:00\",\"breadcrumb\":{\"@id\":\"https:\\\/\\\/cafeycorcheas.es\\\/?p=1486#breadcrumb\"},\"inLanguage\":\"es\",\"potentialAction\":[{\"@type\":\"ReadAction\",\"target\":[\"https:\\\/\\\/cafeycorcheas.es\\\/?p=1486\"]}]},{\"@type\":\"ImageObject\",\"inLanguage\":\"es\",\"@id\":\"https:\\\/\\\/cafeycorcheas.es\\\/?p=1486#primaryimage\",\"url\":\"https:\\\/\\\/cafeycorcheas.es\\\/wp-content\\\/uploads\\\/2025\\\/11\\\/c78909b532abd71bc2bb3ef69879ca70-1550162653.jpg\",\"contentUrl\":\"https:\\\/\\\/cafeycorcheas.es\\\/wp-content\\\/uploads\\\/2025\\\/11\\\/c78909b532abd71bc2bb3ef69879ca70-1550162653.jpg\",\"width\":1920,\"height\":1077},{\"@type\":\"BreadcrumbList\",\"@id\":\"https:\\\/\\\/cafeycorcheas.es\\\/?p=1486#breadcrumb\",\"itemListElement\":[{\"@type\":\"ListItem\",\"position\":1,\"name\":\"Portada\",\"item\":\"https:\\\/\\\/cafeycorcheas.es\\\/\"},{\"@type\":\"ListItem\",\"position\":2,\"name\":\"Clara y Robert Schumann: un amor de pel\u00edcula (parte I)\"}]},{\"@type\":\"WebSite\",\"@id\":\"https:\\\/\\\/cafeycorcheas.es\\\/#website\",\"url\":\"https:\\\/\\\/cafeycorcheas.es\\\/\",\"name\":\"Caf\u00e9 & corcheas\",\"description\":\"Blog de m\u00fasica cl\u00e1sica. Si alguna vez pensaste que no entiendes de m\u00fasica es probablemente porque nadie te la explic\u00f3 bien. Exploraremos sinfon\u00edas, conciertos y partituras con humor, curiosidad y cierta insolencia. Si tienes orejas eres bienvenido.\",\"publisher\":{\"@id\":\"https:\\\/\\\/cafeycorcheas.es\\\/#\\\/schema\\\/person\\\/8775a327ca0a5000474d24d409e8f854\"},\"alternateName\":\"Caf\u00e9 & Corcheas - M\u00fasica Cl\u00e1sica, An\u00e1lisis Musical y An\u00e9cdotas.\",\"potentialAction\":[{\"@type\":\"SearchAction\",\"target\":{\"@type\":\"EntryPoint\",\"urlTemplate\":\"https:\\\/\\\/cafeycorcheas.es\\\/?s={search_term_string}\"},\"query-input\":{\"@type\":\"PropertyValueSpecification\",\"valueRequired\":true,\"valueName\":\"search_term_string\"}}],\"inLanguage\":\"es\"},{\"@type\":[\"Person\",\"Organization\"],\"@id\":\"https:\\\/\\\/cafeycorcheas.es\\\/#\\\/schema\\\/person\\\/8775a327ca0a5000474d24d409e8f854\",\"name\":\"Enrique Goberna\",\"image\":{\"@type\":\"ImageObject\",\"inLanguage\":\"es\",\"@id\":\"https:\\\/\\\/cafeycorcheas.es\\\/wp-content\\\/uploads\\\/2025\\\/11\\\/solo-logo-1.svg\",\"url\":\"https:\\\/\\\/cafeycorcheas.es\\\/wp-content\\\/uploads\\\/2025\\\/11\\\/solo-logo-1.svg\",\"contentUrl\":\"https:\\\/\\\/cafeycorcheas.es\\\/wp-content\\\/uploads\\\/2025\\\/11\\\/solo-logo-1.svg\",\"width\":100,\"height\":70,\"caption\":\"Enrique Goberna\"},\"logo\":{\"@id\":\"https:\\\/\\\/cafeycorcheas.es\\\/wp-content\\\/uploads\\\/2025\\\/11\\\/solo-logo-1.svg\"},\"sameAs\":[\"https:\\\/\\\/cafeycorcheas.es\"],\"url\":\"https:\\\/\\\/cafeycorcheas.es\\\/?author=1\"}]}<\/script>\n<!-- \/ Yoast SEO plugin. -->","yoast_head_json":{"title":"Clara y Robert Schumann: un amor de pel\u00edcula (parte I) - Caf\u00e9 &amp; corcheas","robots":{"index":"index","follow":"follow","max-snippet":"max-snippet:-1","max-image-preview":"max-image-preview:large","max-video-preview":"max-video-preview:-1"},"canonical":"https:\/\/cafeycorcheas.es\/?p=1486","og_locale":"es_ES","og_type":"article","og_title":"Clara y Robert Schumann: un amor de pel\u00edcula (parte I) - Caf\u00e9 &amp; corcheas","og_description":"Robert Schumann lleg\u00f3 a casa de los Wieck siendo un joven de 20 a\u00f1os con una prometedora carrera musical. Friedrich Wieck era un afamado profesor de m\u00fasica que acogi\u00f3 a Robert en su casa durante la temporada en que le dio lecciones. Ah\u00ed Robert conoci\u00f3 a Clara Wieck, la hija de Friedrich, cuando ella ten\u00eda [&hellip;]","og_url":"https:\/\/cafeycorcheas.es\/?p=1486","og_site_name":"Caf\u00e9 &amp; corcheas","article_published_time":"2025-10-12T08:10:00+00:00","article_modified_time":"2025-11-10T00:19:33+00:00","og_image":[{"width":1920,"height":1077,"url":"https:\/\/cafeycorcheas.es\/wp-content\/uploads\/2025\/11\/c78909b532abd71bc2bb3ef69879ca70-1550162653.jpg","type":"image\/jpeg"}],"author":"Enrique Goberna","twitter_card":"summary_large_image","twitter_misc":{"Escrito por":"Enrique Goberna","Tiempo de lectura":"4 minutos"},"schema":{"@context":"https:\/\/schema.org","@graph":[{"@type":"Article","@id":"https:\/\/cafeycorcheas.es\/?p=1486#article","isPartOf":{"@id":"https:\/\/cafeycorcheas.es\/?p=1486"},"author":{"name":"Enrique Goberna","@id":"https:\/\/cafeycorcheas.es\/#\/schema\/person\/8775a327ca0a5000474d24d409e8f854"},"headline":"Clara y Robert Schumann: un amor de pel\u00edcula (parte I)","datePublished":"2025-10-12T08:10:00+00:00","dateModified":"2025-11-10T00:19:33+00:00","mainEntityOfPage":{"@id":"https:\/\/cafeycorcheas.es\/?p=1486"},"wordCount":771,"commentCount":0,"publisher":{"@id":"https:\/\/cafeycorcheas.es\/#\/schema\/person\/8775a327ca0a5000474d24d409e8f854"},"image":{"@id":"https:\/\/cafeycorcheas.es\/?p=1486#primaryimage"},"thumbnailUrl":"https:\/\/cafeycorcheas.es\/wp-content\/uploads\/2025\/11\/c78909b532abd71bc2bb3ef69879ca70-1550162653.jpg","articleSection":["AN\u00c9CDOTAS"],"inLanguage":"es","potentialAction":[{"@type":"CommentAction","name":"Comment","target":["https:\/\/cafeycorcheas.es\/?p=1486#respond"]}]},{"@type":"WebPage","@id":"https:\/\/cafeycorcheas.es\/?p=1486","url":"https:\/\/cafeycorcheas.es\/?p=1486","name":"Clara y Robert Schumann: un amor de pel\u00edcula (parte I) - Caf\u00e9 &amp; corcheas","isPartOf":{"@id":"https:\/\/cafeycorcheas.es\/#website"},"primaryImageOfPage":{"@id":"https:\/\/cafeycorcheas.es\/?p=1486#primaryimage"},"image":{"@id":"https:\/\/cafeycorcheas.es\/?p=1486#primaryimage"},"thumbnailUrl":"https:\/\/cafeycorcheas.es\/wp-content\/uploads\/2025\/11\/c78909b532abd71bc2bb3ef69879ca70-1550162653.jpg","datePublished":"2025-10-12T08:10:00+00:00","dateModified":"2025-11-10T00:19:33+00:00","breadcrumb":{"@id":"https:\/\/cafeycorcheas.es\/?p=1486#breadcrumb"},"inLanguage":"es","potentialAction":[{"@type":"ReadAction","target":["https:\/\/cafeycorcheas.es\/?p=1486"]}]},{"@type":"ImageObject","inLanguage":"es","@id":"https:\/\/cafeycorcheas.es\/?p=1486#primaryimage","url":"https:\/\/cafeycorcheas.es\/wp-content\/uploads\/2025\/11\/c78909b532abd71bc2bb3ef69879ca70-1550162653.jpg","contentUrl":"https:\/\/cafeycorcheas.es\/wp-content\/uploads\/2025\/11\/c78909b532abd71bc2bb3ef69879ca70-1550162653.jpg","width":1920,"height":1077},{"@type":"BreadcrumbList","@id":"https:\/\/cafeycorcheas.es\/?p=1486#breadcrumb","itemListElement":[{"@type":"ListItem","position":1,"name":"Portada","item":"https:\/\/cafeycorcheas.es\/"},{"@type":"ListItem","position":2,"name":"Clara y Robert Schumann: un amor de pel\u00edcula (parte I)"}]},{"@type":"WebSite","@id":"https:\/\/cafeycorcheas.es\/#website","url":"https:\/\/cafeycorcheas.es\/","name":"Caf\u00e9 & corcheas","description":"Blog de m\u00fasica cl\u00e1sica. Si alguna vez pensaste que no entiendes de m\u00fasica es probablemente porque nadie te la explic\u00f3 bien. Exploraremos sinfon\u00edas, conciertos y partituras con humor, curiosidad y cierta insolencia. Si tienes orejas eres bienvenido.","publisher":{"@id":"https:\/\/cafeycorcheas.es\/#\/schema\/person\/8775a327ca0a5000474d24d409e8f854"},"alternateName":"Caf\u00e9 & Corcheas - M\u00fasica Cl\u00e1sica, An\u00e1lisis Musical y An\u00e9cdotas.","potentialAction":[{"@type":"SearchAction","target":{"@type":"EntryPoint","urlTemplate":"https:\/\/cafeycorcheas.es\/?s={search_term_string}"},"query-input":{"@type":"PropertyValueSpecification","valueRequired":true,"valueName":"search_term_string"}}],"inLanguage":"es"},{"@type":["Person","Organization"],"@id":"https:\/\/cafeycorcheas.es\/#\/schema\/person\/8775a327ca0a5000474d24d409e8f854","name":"Enrique Goberna","image":{"@type":"ImageObject","inLanguage":"es","@id":"https:\/\/cafeycorcheas.es\/wp-content\/uploads\/2025\/11\/solo-logo-1.svg","url":"https:\/\/cafeycorcheas.es\/wp-content\/uploads\/2025\/11\/solo-logo-1.svg","contentUrl":"https:\/\/cafeycorcheas.es\/wp-content\/uploads\/2025\/11\/solo-logo-1.svg","width":100,"height":70,"caption":"Enrique Goberna"},"logo":{"@id":"https:\/\/cafeycorcheas.es\/wp-content\/uploads\/2025\/11\/solo-logo-1.svg"},"sameAs":["https:\/\/cafeycorcheas.es"],"url":"https:\/\/cafeycorcheas.es\/?author=1"}]}},"_links":{"self":[{"href":"https:\/\/cafeycorcheas.es\/index.php?rest_route=\/wp\/v2\/posts\/1486","targetHints":{"allow":["GET"]}}],"collection":[{"href":"https:\/\/cafeycorcheas.es\/index.php?rest_route=\/wp\/v2\/posts"}],"about":[{"href":"https:\/\/cafeycorcheas.es\/index.php?rest_route=\/wp\/v2\/types\/post"}],"author":[{"embeddable":true,"href":"https:\/\/cafeycorcheas.es\/index.php?rest_route=\/wp\/v2\/users\/1"}],"replies":[{"embeddable":true,"href":"https:\/\/cafeycorcheas.es\/index.php?rest_route=%2Fwp%2Fv2%2Fcomments&post=1486"}],"version-history":[{"count":3,"href":"https:\/\/cafeycorcheas.es\/index.php?rest_route=\/wp\/v2\/posts\/1486\/revisions"}],"predecessor-version":[{"id":2203,"href":"https:\/\/cafeycorcheas.es\/index.php?rest_route=\/wp\/v2\/posts\/1486\/revisions\/2203"}],"wp:featuredmedia":[{"embeddable":true,"href":"https:\/\/cafeycorcheas.es\/index.php?rest_route=\/wp\/v2\/media\/1488"}],"wp:attachment":[{"href":"https:\/\/cafeycorcheas.es\/index.php?rest_route=%2Fwp%2Fv2%2Fmedia&parent=1486"}],"wp:term":[{"taxonomy":"category","embeddable":true,"href":"https:\/\/cafeycorcheas.es\/index.php?rest_route=%2Fwp%2Fv2%2Fcategories&post=1486"},{"taxonomy":"post_tag","embeddable":true,"href":"https:\/\/cafeycorcheas.es\/index.php?rest_route=%2Fwp%2Fv2%2Ftags&post=1486"}],"curies":[{"name":"wp","href":"https:\/\/api.w.org\/{rel}","templated":true}]}}