{"id":1460,"date":"2025-10-05T03:09:00","date_gmt":"2025-10-05T01:09:00","guid":{"rendered":"https:\/\/cafeycorcheas.es\/?p=1460"},"modified":"2025-11-08T23:13:26","modified_gmt":"2025-11-08T22:13:26","slug":"mozart-y-el-feliz-alumbramiento","status":"publish","type":"post","link":"https:\/\/cafeycorcheas.es\/?p=1460","title":{"rendered":"Mozart y el feliz alumbramiento"},"content":{"rendered":"\n<p class=\"wp-block-paragraph\">En el atardecer del d\u00eda 16 de junio de 1783 estaba Wolfgang en su despacho comenzando la escritura de un nuevo cuarteto de cuerdas, cuando Constanza, su mujer, lo llam\u00f3 desde la habitaci\u00f3n de matrimonio&#8230;<\/p>\n\n\n\n<p class=\"wp-block-paragraph\">&nbsp;\u2014\u00a1\u00a1 Wolfiiiiiiiiiii&#8230; ven ac\u00e1 p&#8217;ac\u00e1 !!<\/p>\n\n\n\n<p class=\"wp-block-paragraph\">Wolfgang, de mala gana, abandon\u00f3 los primeros compases del primer viol\u00edn y fue a ver lo que quer\u00eda su mujer.<\/p>\n\n\n\n<p class=\"wp-block-paragraph\">\u2014\u00bfQu\u00e9 pasa, Consti?<\/p>\n\n\n\n<p class=\"wp-block-paragraph\">\u2014Acabo de romper aguas&nbsp; \u2014le dijo apoyada sobre un aparador de estilo Luis XVI que era de lo m\u00e1s vanguardista en aquellos d\u00edas&#8230;<\/p>\n\n\n\n<p class=\"wp-block-paragraph\">\u2014\u00bfEst\u00e1s segura, Consti?<\/p>\n\n\n\n<p class=\"wp-block-paragraph\">\u2014Anda, gilipollas, ve a por un pa\u00f1o, limpia el suelo, y despu\u00e9s corre a buscar a mi madre y que ella avise a la comadrona. Y ya est\u00e1s tardando.<\/p>\n\n\n\n<p class=\"wp-block-paragraph\">\u2014Joder, joder, joder&#8230;&nbsp; \u2014dec\u00eda Wolfgang mientras bajaba los escalones hacia la calle de dos en dos.<\/p>\n\n\n\n<p class=\"wp-block-paragraph\">Al cabo de algo m\u00e1s de media hora apareci\u00f3 Wolfgang, sin resuello, acompa\u00f1ado por su suegra y la comadrona. A su llegada ellas empezaron a organizar el esperado parto del primog\u00e9nito de la pareja.<\/p>\n\n\n\n<p class=\"wp-block-paragraph\">Wolfgang, cuando todo estuvo bajo control, volvi\u00f3 a su estudio a retomar el trabajo donde lo hab\u00eda dejado. Se encontraba componiendo en esas fechas una serie de 6 cuartetos de cuerda que dedicar\u00eda a su buen amigo Joseph Haydn, que era el padre y m\u00e1ximo exponente de esa forma musical. El primero lo hab\u00eda finalizado d\u00edas antes y este segundo, el \u201cCuarteto en Re\u201d, estaba teniendo un comienzo de lo m\u00e1s accidentado.<\/p>\n\n\n\n<p class=\"wp-block-paragraph\">Enfrascado como estaba en la composici\u00f3n, s\u00f3lo abandonaba la escritura para, cada cierto tiempo, acercarse al dormitorio donde las mujeres estaban ayudando a la parturienta, y al poco rato regresar a la intimidad de su m\u00fasica. As\u00ed una y otra vez a lo largo de la madrugada. Mientras escrib\u00eda el Andante del cuarteto de cuerda unos gritos ahogados sal\u00edan del dormitorio: \u201c\u00a1\u00a1 Johannes Chrysostomus Wolfgangus Theophilus&#8230; pedazo de cab*** !!\u201d . Mozart levantaba la cabeza, resoplaba, y volv\u00eda al trabajo entre los gritos de su mujer y alg\u00fan que otro encargo para calentar agua o traer pa\u00f1os&#8230; \u201c\u00a1\u00a1 Wolfaaaaaaaang&#8230; uno y no m\u00e1s Santo Tom\u00e1s&#8230; !!\u201d. A las seis y media de la ma\u00f1ana todo hab\u00eda terminado. Mozart era el orgulloso padre de un hijo que \u00e9l mismo defini\u00f3 como \u201cgrande, fuerte, redondo como una bola\u201d y de un cuarteto para cuerda en re menor.<\/p>\n\n\n\n<p class=\"wp-block-paragraph\">Lamentablemente, el primero, su primog\u00e9nito Raimundo Leopoldo, falleci\u00f3 a los dos meses de nacer. El segundo, el cuarteto en Re, sigue tan saludable como aquella noche: la noche de los dos alumbramientos&#8230;<\/p>\n\n\n\n<p class=\"wp-block-paragraph\">Si quieres aproximarte al milagro del genio de Mozart, escucha el Cuarteto en Re menor, n\u00ba15 K.421 y piensa que algo con una musicalidad et\u00e9rea y vaporosa como esta, algo de tal belleza, cuyas notas no tocan el suelo sino que m\u00e1s bien parece que se desplacen de puntillas, ha sido compuesto entre carreras, apuros, interrupciones, temores y gritos de dolor.<\/p>\n\n\n\n<p class=\"wp-block-paragraph\"><a href=\"https:\/\/l.facebook.com\/l.php?u=https%3A%2F%2Fwww.youtube.com%2Fwatch%3Fv%3DpNdNcJou7pg%26fbclid%3DIwZXh0bgNhZW0CMTAAYnJpZBEwc2Z6d2wxUEpsU2h5c2JNU3NydGMGYXBwX2lkEDIyMjAzOTE3ODgyMDA4OTIAAR7XiNjNqtCYHQ8S2IzUDquDExcdY9QftsXTX68xPmR4_QvmexzBYj5PKXFb5w_aem_Vacmp69fP-119EeDDWWzIg&amp;h=AT3HnPEu_aVR4c_AtV9zX26I02Hv_JkApXr7ru1G7DH0upihqNG3BUSGpdoOByPSjT8Xg5ZOwmWjPyNYQ6DxB_t9IJmikxn2w27WyRixAJgU0dAtopP6Kwae6AIgjkam3INl-FBNORq30glFyaEEYX_1gZqKiMUT\" rel=\"noreferrer noopener\" target=\"_blank\">Cuarteto en Re menor, n\u00ba15 K.421<\/a>&nbsp;&nbsp;<\/p>\n","protected":false},"excerpt":{"rendered":"<p>En el atardecer del d\u00eda 16 de junio de 1783 estaba Wolfgang en su despacho comenzando la escritura de un nuevo cuarteto de cuerdas, cuando Constanza, su mujer, lo llam\u00f3 desde la habitaci\u00f3n de matrimonio&#8230; &nbsp;\u2014\u00a1\u00a1 Wolfiiiiiiiiiii&#8230; ven ac\u00e1 p&#8217;ac\u00e1 !! Wolfgang, de mala gana, abandon\u00f3 los primeros compases del primer viol\u00edn y fue a [&hellip;]<\/p>\n","protected":false},"author":1,"featured_media":1461,"comment_status":"open","ping_status":"open","sticky":false,"template":"","format":"standard","meta":{"footnotes":""},"categories":[43],"tags":[],"class_list":["post-1460","post","type-post","status-publish","format-standard","has-post-thumbnail","hentry","category-anecdotas"],"yoast_head":"<!-- This site is optimized with the Yoast SEO plugin v28.3 - https:\/\/yoast.com\/product\/yoast-seo-wordpress\/ -->\n<title>Mozart y el feliz alumbramiento - Caf\u00e9 &amp; corcheas<\/title>\n<meta name=\"robots\" content=\"index, follow, max-snippet:-1, max-image-preview:large, max-video-preview:-1\" \/>\n<link rel=\"canonical\" href=\"https:\/\/cafeycorcheas.es\/?p=1460\" \/>\n<meta property=\"og:locale\" content=\"es_ES\" \/>\n<meta property=\"og:type\" content=\"article\" \/>\n<meta property=\"og:title\" content=\"Mozart y el feliz alumbramiento - Caf\u00e9 &amp; corcheas\" \/>\n<meta property=\"og:description\" content=\"En el atardecer del d\u00eda 16 de junio de 1783 estaba Wolfgang en su despacho comenzando la escritura de un nuevo cuarteto de cuerdas, cuando Constanza, su mujer, lo llam\u00f3 desde la habitaci\u00f3n de matrimonio&#8230; &nbsp;\u2014\u00a1\u00a1 Wolfiiiiiiiiiii&#8230; ven ac\u00e1 p&#8217;ac\u00e1 !! Wolfgang, de mala gana, abandon\u00f3 los primeros compases del primer viol\u00edn y fue a [&hellip;]\" \/>\n<meta property=\"og:url\" content=\"https:\/\/cafeycorcheas.es\/?p=1460\" \/>\n<meta property=\"og:site_name\" content=\"Caf\u00e9 &amp; corcheas\" \/>\n<meta property=\"article:published_time\" content=\"2025-10-05T01:09:00+00:00\" \/>\n<meta property=\"article:modified_time\" content=\"2025-11-08T22:13:26+00:00\" \/>\n<meta property=\"og:image\" content=\"https:\/\/cafeycorcheas.es\/wp-content\/uploads\/2025\/11\/descarga.jpg\" \/>\n\t<meta property=\"og:image:width\" content=\"1600\" \/>\n\t<meta property=\"og:image:height\" content=\"900\" \/>\n\t<meta property=\"og:image:type\" content=\"image\/jpeg\" \/>\n<meta name=\"author\" content=\"Enrique Goberna\" \/>\n<meta name=\"twitter:card\" content=\"summary_large_image\" \/>\n<meta name=\"twitter:label1\" content=\"Escrito por\" \/>\n\t<meta name=\"twitter:data1\" content=\"Enrique Goberna\" \/>\n\t<meta name=\"twitter:label2\" content=\"Tiempo de lectura\" \/>\n\t<meta name=\"twitter:data2\" content=\"3 minutos\" \/>\n<script type=\"application\/ld+json\" class=\"yoast-schema-graph\">{\"@context\":\"https:\\\/\\\/schema.org\",\"@graph\":[{\"@type\":\"Article\",\"@id\":\"https:\\\/\\\/cafeycorcheas.es\\\/?p=1460#article\",\"isPartOf\":{\"@id\":\"https:\\\/\\\/cafeycorcheas.es\\\/?p=1460\"},\"author\":{\"name\":\"Enrique Goberna\",\"@id\":\"https:\\\/\\\/cafeycorcheas.es\\\/#\\\/schema\\\/person\\\/8775a327ca0a5000474d24d409e8f854\"},\"headline\":\"Mozart y el feliz alumbramiento\",\"datePublished\":\"2025-10-05T01:09:00+00:00\",\"dateModified\":\"2025-11-08T22:13:26+00:00\",\"mainEntityOfPage\":{\"@id\":\"https:\\\/\\\/cafeycorcheas.es\\\/?p=1460\"},\"wordCount\":521,\"commentCount\":0,\"publisher\":{\"@id\":\"https:\\\/\\\/cafeycorcheas.es\\\/#\\\/schema\\\/person\\\/8775a327ca0a5000474d24d409e8f854\"},\"image\":{\"@id\":\"https:\\\/\\\/cafeycorcheas.es\\\/?p=1460#primaryimage\"},\"thumbnailUrl\":\"https:\\\/\\\/cafeycorcheas.es\\\/wp-content\\\/uploads\\\/2025\\\/11\\\/descarga.jpg\",\"articleSection\":[\"AN\u00c9CDOTAS\"],\"inLanguage\":\"es\",\"potentialAction\":[{\"@type\":\"CommentAction\",\"name\":\"Comment\",\"target\":[\"https:\\\/\\\/cafeycorcheas.es\\\/?p=1460#respond\"]}]},{\"@type\":\"WebPage\",\"@id\":\"https:\\\/\\\/cafeycorcheas.es\\\/?p=1460\",\"url\":\"https:\\\/\\\/cafeycorcheas.es\\\/?p=1460\",\"name\":\"Mozart y el feliz alumbramiento - Caf\u00e9 &amp; corcheas\",\"isPartOf\":{\"@id\":\"https:\\\/\\\/cafeycorcheas.es\\\/#website\"},\"primaryImageOfPage\":{\"@id\":\"https:\\\/\\\/cafeycorcheas.es\\\/?p=1460#primaryimage\"},\"image\":{\"@id\":\"https:\\\/\\\/cafeycorcheas.es\\\/?p=1460#primaryimage\"},\"thumbnailUrl\":\"https:\\\/\\\/cafeycorcheas.es\\\/wp-content\\\/uploads\\\/2025\\\/11\\\/descarga.jpg\",\"datePublished\":\"2025-10-05T01:09:00+00:00\",\"dateModified\":\"2025-11-08T22:13:26+00:00\",\"breadcrumb\":{\"@id\":\"https:\\\/\\\/cafeycorcheas.es\\\/?p=1460#breadcrumb\"},\"inLanguage\":\"es\",\"potentialAction\":[{\"@type\":\"ReadAction\",\"target\":[\"https:\\\/\\\/cafeycorcheas.es\\\/?p=1460\"]}]},{\"@type\":\"ImageObject\",\"inLanguage\":\"es\",\"@id\":\"https:\\\/\\\/cafeycorcheas.es\\\/?p=1460#primaryimage\",\"url\":\"https:\\\/\\\/cafeycorcheas.es\\\/wp-content\\\/uploads\\\/2025\\\/11\\\/descarga.jpg\",\"contentUrl\":\"https:\\\/\\\/cafeycorcheas.es\\\/wp-content\\\/uploads\\\/2025\\\/11\\\/descarga.jpg\",\"width\":1600,\"height\":900},{\"@type\":\"BreadcrumbList\",\"@id\":\"https:\\\/\\\/cafeycorcheas.es\\\/?p=1460#breadcrumb\",\"itemListElement\":[{\"@type\":\"ListItem\",\"position\":1,\"name\":\"Portada\",\"item\":\"https:\\\/\\\/cafeycorcheas.es\\\/\"},{\"@type\":\"ListItem\",\"position\":2,\"name\":\"Mozart y el feliz alumbramiento\"}]},{\"@type\":\"WebSite\",\"@id\":\"https:\\\/\\\/cafeycorcheas.es\\\/#website\",\"url\":\"https:\\\/\\\/cafeycorcheas.es\\\/\",\"name\":\"Caf\u00e9 & corcheas\",\"description\":\"Blog de m\u00fasica cl\u00e1sica. Si alguna vez pensaste que no entiendes de m\u00fasica es probablemente porque nadie te la explic\u00f3 bien. Exploraremos sinfon\u00edas, conciertos y partituras con humor, curiosidad y cierta insolencia. Si tienes orejas eres bienvenido.\",\"publisher\":{\"@id\":\"https:\\\/\\\/cafeycorcheas.es\\\/#\\\/schema\\\/person\\\/8775a327ca0a5000474d24d409e8f854\"},\"alternateName\":\"Caf\u00e9 & Corcheas - M\u00fasica Cl\u00e1sica, An\u00e1lisis Musical y An\u00e9cdotas.\",\"potentialAction\":[{\"@type\":\"SearchAction\",\"target\":{\"@type\":\"EntryPoint\",\"urlTemplate\":\"https:\\\/\\\/cafeycorcheas.es\\\/?s={search_term_string}\"},\"query-input\":{\"@type\":\"PropertyValueSpecification\",\"valueRequired\":true,\"valueName\":\"search_term_string\"}}],\"inLanguage\":\"es\"},{\"@type\":[\"Person\",\"Organization\"],\"@id\":\"https:\\\/\\\/cafeycorcheas.es\\\/#\\\/schema\\\/person\\\/8775a327ca0a5000474d24d409e8f854\",\"name\":\"Enrique Goberna\",\"image\":{\"@type\":\"ImageObject\",\"inLanguage\":\"es\",\"@id\":\"https:\\\/\\\/cafeycorcheas.es\\\/wp-content\\\/uploads\\\/2025\\\/11\\\/solo-logo-1.svg\",\"url\":\"https:\\\/\\\/cafeycorcheas.es\\\/wp-content\\\/uploads\\\/2025\\\/11\\\/solo-logo-1.svg\",\"contentUrl\":\"https:\\\/\\\/cafeycorcheas.es\\\/wp-content\\\/uploads\\\/2025\\\/11\\\/solo-logo-1.svg\",\"width\":100,\"height\":70,\"caption\":\"Enrique Goberna\"},\"logo\":{\"@id\":\"https:\\\/\\\/cafeycorcheas.es\\\/wp-content\\\/uploads\\\/2025\\\/11\\\/solo-logo-1.svg\"},\"sameAs\":[\"https:\\\/\\\/cafeycorcheas.es\"],\"url\":\"https:\\\/\\\/cafeycorcheas.es\\\/?author=1\"}]}<\/script>\n<!-- \/ Yoast SEO plugin. -->","yoast_head_json":{"title":"Mozart y el feliz alumbramiento - Caf\u00e9 &amp; corcheas","robots":{"index":"index","follow":"follow","max-snippet":"max-snippet:-1","max-image-preview":"max-image-preview:large","max-video-preview":"max-video-preview:-1"},"canonical":"https:\/\/cafeycorcheas.es\/?p=1460","og_locale":"es_ES","og_type":"article","og_title":"Mozart y el feliz alumbramiento - Caf\u00e9 &amp; corcheas","og_description":"En el atardecer del d\u00eda 16 de junio de 1783 estaba Wolfgang en su despacho comenzando la escritura de un nuevo cuarteto de cuerdas, cuando Constanza, su mujer, lo llam\u00f3 desde la habitaci\u00f3n de matrimonio&#8230; &nbsp;\u2014\u00a1\u00a1 Wolfiiiiiiiiiii&#8230; ven ac\u00e1 p&#8217;ac\u00e1 !! Wolfgang, de mala gana, abandon\u00f3 los primeros compases del primer viol\u00edn y fue a [&hellip;]","og_url":"https:\/\/cafeycorcheas.es\/?p=1460","og_site_name":"Caf\u00e9 &amp; corcheas","article_published_time":"2025-10-05T01:09:00+00:00","article_modified_time":"2025-11-08T22:13:26+00:00","og_image":[{"width":1600,"height":900,"url":"https:\/\/cafeycorcheas.es\/wp-content\/uploads\/2025\/11\/descarga.jpg","type":"image\/jpeg"}],"author":"Enrique Goberna","twitter_card":"summary_large_image","twitter_misc":{"Escrito por":"Enrique Goberna","Tiempo de lectura":"3 minutos"},"schema":{"@context":"https:\/\/schema.org","@graph":[{"@type":"Article","@id":"https:\/\/cafeycorcheas.es\/?p=1460#article","isPartOf":{"@id":"https:\/\/cafeycorcheas.es\/?p=1460"},"author":{"name":"Enrique Goberna","@id":"https:\/\/cafeycorcheas.es\/#\/schema\/person\/8775a327ca0a5000474d24d409e8f854"},"headline":"Mozart y el feliz alumbramiento","datePublished":"2025-10-05T01:09:00+00:00","dateModified":"2025-11-08T22:13:26+00:00","mainEntityOfPage":{"@id":"https:\/\/cafeycorcheas.es\/?p=1460"},"wordCount":521,"commentCount":0,"publisher":{"@id":"https:\/\/cafeycorcheas.es\/#\/schema\/person\/8775a327ca0a5000474d24d409e8f854"},"image":{"@id":"https:\/\/cafeycorcheas.es\/?p=1460#primaryimage"},"thumbnailUrl":"https:\/\/cafeycorcheas.es\/wp-content\/uploads\/2025\/11\/descarga.jpg","articleSection":["AN\u00c9CDOTAS"],"inLanguage":"es","potentialAction":[{"@type":"CommentAction","name":"Comment","target":["https:\/\/cafeycorcheas.es\/?p=1460#respond"]}]},{"@type":"WebPage","@id":"https:\/\/cafeycorcheas.es\/?p=1460","url":"https:\/\/cafeycorcheas.es\/?p=1460","name":"Mozart y el feliz alumbramiento - Caf\u00e9 &amp; corcheas","isPartOf":{"@id":"https:\/\/cafeycorcheas.es\/#website"},"primaryImageOfPage":{"@id":"https:\/\/cafeycorcheas.es\/?p=1460#primaryimage"},"image":{"@id":"https:\/\/cafeycorcheas.es\/?p=1460#primaryimage"},"thumbnailUrl":"https:\/\/cafeycorcheas.es\/wp-content\/uploads\/2025\/11\/descarga.jpg","datePublished":"2025-10-05T01:09:00+00:00","dateModified":"2025-11-08T22:13:26+00:00","breadcrumb":{"@id":"https:\/\/cafeycorcheas.es\/?p=1460#breadcrumb"},"inLanguage":"es","potentialAction":[{"@type":"ReadAction","target":["https:\/\/cafeycorcheas.es\/?p=1460"]}]},{"@type":"ImageObject","inLanguage":"es","@id":"https:\/\/cafeycorcheas.es\/?p=1460#primaryimage","url":"https:\/\/cafeycorcheas.es\/wp-content\/uploads\/2025\/11\/descarga.jpg","contentUrl":"https:\/\/cafeycorcheas.es\/wp-content\/uploads\/2025\/11\/descarga.jpg","width":1600,"height":900},{"@type":"BreadcrumbList","@id":"https:\/\/cafeycorcheas.es\/?p=1460#breadcrumb","itemListElement":[{"@type":"ListItem","position":1,"name":"Portada","item":"https:\/\/cafeycorcheas.es\/"},{"@type":"ListItem","position":2,"name":"Mozart y el feliz alumbramiento"}]},{"@type":"WebSite","@id":"https:\/\/cafeycorcheas.es\/#website","url":"https:\/\/cafeycorcheas.es\/","name":"Caf\u00e9 & corcheas","description":"Blog de m\u00fasica cl\u00e1sica. Si alguna vez pensaste que no entiendes de m\u00fasica es probablemente porque nadie te la explic\u00f3 bien. Exploraremos sinfon\u00edas, conciertos y partituras con humor, curiosidad y cierta insolencia. Si tienes orejas eres bienvenido.","publisher":{"@id":"https:\/\/cafeycorcheas.es\/#\/schema\/person\/8775a327ca0a5000474d24d409e8f854"},"alternateName":"Caf\u00e9 & Corcheas - M\u00fasica Cl\u00e1sica, An\u00e1lisis Musical y An\u00e9cdotas.","potentialAction":[{"@type":"SearchAction","target":{"@type":"EntryPoint","urlTemplate":"https:\/\/cafeycorcheas.es\/?s={search_term_string}"},"query-input":{"@type":"PropertyValueSpecification","valueRequired":true,"valueName":"search_term_string"}}],"inLanguage":"es"},{"@type":["Person","Organization"],"@id":"https:\/\/cafeycorcheas.es\/#\/schema\/person\/8775a327ca0a5000474d24d409e8f854","name":"Enrique Goberna","image":{"@type":"ImageObject","inLanguage":"es","@id":"https:\/\/cafeycorcheas.es\/wp-content\/uploads\/2025\/11\/solo-logo-1.svg","url":"https:\/\/cafeycorcheas.es\/wp-content\/uploads\/2025\/11\/solo-logo-1.svg","contentUrl":"https:\/\/cafeycorcheas.es\/wp-content\/uploads\/2025\/11\/solo-logo-1.svg","width":100,"height":70,"caption":"Enrique Goberna"},"logo":{"@id":"https:\/\/cafeycorcheas.es\/wp-content\/uploads\/2025\/11\/solo-logo-1.svg"},"sameAs":["https:\/\/cafeycorcheas.es"],"url":"https:\/\/cafeycorcheas.es\/?author=1"}]}},"_links":{"self":[{"href":"https:\/\/cafeycorcheas.es\/index.php?rest_route=\/wp\/v2\/posts\/1460","targetHints":{"allow":["GET"]}}],"collection":[{"href":"https:\/\/cafeycorcheas.es\/index.php?rest_route=\/wp\/v2\/posts"}],"about":[{"href":"https:\/\/cafeycorcheas.es\/index.php?rest_route=\/wp\/v2\/types\/post"}],"author":[{"embeddable":true,"href":"https:\/\/cafeycorcheas.es\/index.php?rest_route=\/wp\/v2\/users\/1"}],"replies":[{"embeddable":true,"href":"https:\/\/cafeycorcheas.es\/index.php?rest_route=%2Fwp%2Fv2%2Fcomments&post=1460"}],"version-history":[{"count":3,"href":"https:\/\/cafeycorcheas.es\/index.php?rest_route=\/wp\/v2\/posts\/1460\/revisions"}],"predecessor-version":[{"id":2139,"href":"https:\/\/cafeycorcheas.es\/index.php?rest_route=\/wp\/v2\/posts\/1460\/revisions\/2139"}],"wp:featuredmedia":[{"embeddable":true,"href":"https:\/\/cafeycorcheas.es\/index.php?rest_route=\/wp\/v2\/media\/1461"}],"wp:attachment":[{"href":"https:\/\/cafeycorcheas.es\/index.php?rest_route=%2Fwp%2Fv2%2Fmedia&parent=1460"}],"wp:term":[{"taxonomy":"category","embeddable":true,"href":"https:\/\/cafeycorcheas.es\/index.php?rest_route=%2Fwp%2Fv2%2Fcategories&post=1460"},{"taxonomy":"post_tag","embeddable":true,"href":"https:\/\/cafeycorcheas.es\/index.php?rest_route=%2Fwp%2Fv2%2Ftags&post=1460"}],"curies":[{"name":"wp","href":"https:\/\/api.w.org\/{rel}","templated":true}]}}